{"id":800856,"date":"2024-05-16T15:53:34","date_gmt":"2024-05-16T15:53:34","guid":{"rendered":"https:\/\/dimensionturistica.com\/es\/?p=800856"},"modified":"2024-05-16T15:53:34","modified_gmt":"2024-05-16T15:53:34","slug":"la-epoca-ideal-para-visitar-holanda-consejos-y-recomendaciones","status":"publish","type":"post","link":"https:\/\/dimensionturistica.com\/es\/la-epoca-ideal-para-visitar-holanda-consejos-y-recomendaciones\/","title":{"rendered":"La \u00e9poca ideal para visitar Holanda: Consejos y recomendaciones"},"content":{"rendered":"<p># Descubriendo el Momento Perfecto para una Aventura en Pa\u00edses Bajos<\/p>\n<p>En el coraz\u00f3n de Europa, donde las aguas besan tierras bajas y la innovaci\u00f3n se entrelaza con la tradici\u00f3n, se encuentra un destino que cautiva los sentidos de todo viajero: los Pa\u00edses Bajos. Sin embargo, como con cualquier joya tur\u00edstica, encontrar el momento id\u00f3neo para visitarla puede marcar la diferencia en la experiencia. El clima, las festividades y la floraci\u00f3n caracter\u00edstica de la regi\u00f3n juegan un papel crucial en la decisi\u00f3n de cu\u00e1ndo emprender el viaje.<\/p>\n<p>### El Clima y las Estaciones: Una Danza de Cambio Constante<\/p>\n<p>Los Pa\u00edses Bajos gozan de un clima templado mar\u00edtimo, donde las lluvias son una constante a lo largo del a\u00f1o, y las temperaturas suelen ser suaves. El invierno trae consigo un fr\u00edo moderado, raramente extremo, mientras que el verano deleita con d\u00edas c\u00e1lidos, perfectos para explorar desde las animadas calles de \u00c1msterdam hasta los rincones m\u00e1s tranquilos del campo neerland\u00e9s. Sin embargo, es entre estos extremos donde se revelan los secretos del timing perfecto.<\/p>\n<p>### Primavera: El Despertar de los Tulipanes<\/p>\n<p>La primavera (Marzo &#8211; Mayo) es sin duda la \u00e9poca m\u00e1s espectacular para visitar los Pa\u00edses Bajos, especialmente desde mediados de abril hasta principios de mayo. Es cuando los famosos campos de tulipanes estallan en un arco\u00edris de colores, un espect\u00e1culo que atrae a visitantes de todo el mundo. Keukenhof, conocido como el jard\u00edn de Europa, abre sus puertas ofreciendo un espect\u00e1culo inolvidable de flores, con m\u00e1s de 7 millones de bulbos en flor.<\/p>\n<p>### Verano: Festivales y Sol<\/p>\n<p>El verano (Junio &#8211; Agosto) es ideal para quienes buscan combinar la cultura con el agradable clima. Es la temporada de festivales, desde eventos musicales hasta celebraciones culturales que llenan de vida las calles y plazas. Adem\u00e1s, es el momento perfecto para disfrutar de las playas del Mar del Norte y experimentar el estilo de vida al aire libre de los neerlandeses.<\/p>\n<p>### Oto\u00f1o: La Magia de los Tonos Dorados<\/p>\n<p>Entre Septiembre y Noviembre, los Pa\u00edses Bajos se transforman en un lienzo de tonos ocres y dorados. El oto\u00f1o es menos tur\u00edstico, lo que significa m\u00e1s espacio y tranquilidad para explorar museos, pasear por los canales y disfrutar de cafeter\u00edas acogedoras. Las lluvias son m\u00e1s frecuentes, pero la belleza melanc\u00f3lica de la estaci\u00f3n compensa con creces la necesidad de llevar un paraguas.<\/p>\n<p>### Invierno: Encanto y Tradiciones<\/p>\n<p>Desde Diciembre hasta Febrero, el invierno ti\u00f1e de blanco los paisajes, y aunque las temperaturas pueden ser fr\u00edas, el calor de las festividades navide\u00f1as y de fin de a\u00f1o aportan un encanto especial. Es una temporada excelente para quienes buscan disfrutar de los mercados navide\u00f1os, patinar sobre hielo en canales congelados o simplemente contemplar la serenidad de los paisajes invernales.<\/p>\n<p>### Conclusiones para el Viajero<\/p>\n<p>Los Pa\u00edses Bajos ofrecen una riqueza de experiencias en cualquier \u00e9poca del a\u00f1o, cada una con su encanto y particularidad. La elecci\u00f3n del momento para visitar depende de los intereses y expectativas de cada viajero. Ya sea entre el estallido de color de los campos de tulipanes en primavera, el animado ambiente de los festivales de verano, la calma dorada del oto\u00f1o o el m\u00e1gico ambiente invernal, un viaje a los Pa\u00edses Bajos promete ser una aventura inolvidable. La clave est\u00e1 en sintonizar con el ritmo de esta tierra de contrastes y dejarse llevar por las maravillas que cada estaci\u00f3n tiene para ofrecer.<\/p>\n<p><em> &#8221; Sources comercioyjusticia.info &#8221; <\/em><\/p>\n<p><em> &#8221; Fuentes comercioyjusticia.info &#8221; <\/em><\/p>\n","protected":false},"excerpt":{"rendered":"<p># Descubriendo el Momento Perfecto para una Aventura en Pa\u00edses Bajos En el coraz\u00f3n de Europa, donde las aguas besan tierras bajas y la innovaci\u00f3n se entrelaza con la tradici\u00f3n, se encuentra un destino que cautiva los sentidos de todo viajero: los Pa\u00edses Bajos. Sin embargo, como con cualquier joya tur\u00edstica, encontrar el momento id\u00f3neo [&hellip;]<\/p>\n","protected":false},"author":4,"featured_media":800857,"comment_status":"open","ping_status":"closed","sticky":false,"template":"","format":"standard","meta":{"om_disable_all_campaigns":false,"jnews-multi-image_gallery":[],"jnews_single_post":[],"jnews_primary_category":[],"jnews_social_meta":[],"footnotes":""},"categories":[39],"tags":[50915,5897,544,545],"class_list":["post-800856","post","type-post","status-publish","format-standard","has-post-thumbnail","hentry","category-viajes","tag-mejor-epoca","tag-paises-bajos","tag-turismo","tag-viajes"],"_links":{"self":[{"href":"https:\/\/dimensionturistica.com\/es\/wp-json\/wp\/v2\/posts\/800856","targetHints":{"allow":["GET"]}}],"collection":[{"href":"https:\/\/dimensionturistica.com\/es\/wp-json\/wp\/v2\/posts"}],"about":[{"href":"https:\/\/dimensionturistica.com\/es\/wp-json\/wp\/v2\/types\/post"}],"author":[{"embeddable":true,"href":"https:\/\/dimensionturistica.com\/es\/wp-json\/wp\/v2\/users\/4"}],"replies":[{"embeddable":true,"href":"https:\/\/dimensionturistica.com\/es\/wp-json\/wp\/v2\/comments?post=800856"}],"version-history":[{"count":0,"href":"https:\/\/dimensionturistica.com\/es\/wp-json\/wp\/v2\/posts\/800856\/revisions"}],"wp:featuredmedia":[{"embeddable":true,"href":"https:\/\/dimensionturistica.com\/es\/wp-json\/wp\/v2\/media\/800857"}],"wp:attachment":[{"href":"https:\/\/dimensionturistica.com\/es\/wp-json\/wp\/v2\/media?parent=800856"}],"wp:term":[{"taxonomy":"category","embeddable":true,"href":"https:\/\/dimensionturistica.com\/es\/wp-json\/wp\/v2\/categories?post=800856"},{"taxonomy":"post_tag","embeddable":true,"href":"https:\/\/dimensionturistica.com\/es\/wp-json\/wp\/v2\/tags?post=800856"}],"curies":[{"name":"wp","href":"https:\/\/api.w.org\/{rel}","templated":true}]}}