{"id":797918,"date":"2024-05-12T08:40:11","date_gmt":"2024-05-12T08:40:11","guid":{"rendered":"https:\/\/dimensionturistica.com\/es\/?p=797918"},"modified":"2024-05-12T08:40:11","modified_gmt":"2024-05-12T08:40:11","slug":"los-tours-de-taylor-swift-representan-una-catastrofe-ambiental-debido-a-sus-frecuentes-vuelos-en-jet-privado","status":"publish","type":"post","link":"https:\/\/dimensionturistica.com\/es\/los-tours-de-taylor-swift-representan-una-catastrofe-ambiental-debido-a-sus-frecuentes-vuelos-en-jet-privado\/","title":{"rendered":"\u00bfLos tours de Taylor Swift representan una cat\u00e1strofe ambiental debido a sus frecuentes vuelos en jet privado?"},"content":{"rendered":"<p>### La Paradoja del Turismo Musical: El Impacto Ambiental de las Grandes Giras<\/p>\n<p>En una \u00e9poca en la que el turismo y la m\u00fasica se entrelazan m\u00e1s que nunca, los amantes de ambas industrias se ven enfrentados a una realidad cada vez m\u00e1s inquietante: el impacto ambiental de las giras musicales de grandes estrellas. Uno de los casos m\u00e1s emblem\u00e1ticos en este sentido es el de la aclamada artista Taylor Swift, cuyas giras han sido se\u00f1aladas por su considerable huella de carbono, principalmente debido al uso intensivo de jets privados.<\/p>\n<p>El fen\u00f3meno de los jets privados en la industria musical no es nada nuevo, pero ha ganado atenci\u00f3n especial en el contexto de la crisis clim\u00e1tica global. La din\u00e1mica de las giras internacionales, que requieren un desplazamiento r\u00e1pido entre ciudades e incluso continentes, hace que el uso de estos medios de transporte sea una opci\u00f3n atractiva para muchos artistas. Sin embargo, el costo ambiental de esta comodidad es alto.<\/p>\n<p>Los vuelos privados emiten una cantidad significativamente mayor de di\u00f3xido de carbono por pasajero en comparaci\u00f3n con los vuelos comerciales. Esto se debe a la menor eficiencia en t\u00e9rminos de llenado de asientos y a la mayor propensi\u00f3n a realizar vuelos cortos, que son proporcionalmente m\u00e1s perjudiciales para el medio ambiente. En el caso de las giras musicales, el n\u00famero de vuelos necesarios para trasladar a los artistas, sus equipos y todo el equipo t\u00e9cnico necesario para los espect\u00e1culos contribuye de manera considerable a su huella de carbono.<\/p>\n<p>El impacto de estas giras no se limita al aire. Los eventos masivos tambi\u00e9n generan una gran cantidad de residuos y consumen importantes recursos, como agua y energ\u00eda. A menudo, los esfuerzos por mitigar estos efectos se ven superados por la escala y la naturaleza de las producciones.<\/p>\n<p>Ante este panorama, tanto artistas como fan\u00e1ticos comienzan a preguntarse c\u00f3mo pueden equilibrar su pasi\u00f3n por la m\u00fasica en vivo con su preocupaci\u00f3n por el planeta. Algunas soluciones que se han propuesto incluyen el uso de energ\u00edas renovables en los conciertos, la reducci\u00f3n de los residuos a trav\u00e9s de mejores pr\u00e1cticas de reciclaje y reutilizaci\u00f3n, y la compensaci\u00f3n de carbono, que implica invertir en proyectos dise\u00f1ados para contrarrestar la cantidad de CO2 emitida.<\/p>\n<p>Sin embargo, la discusi\u00f3n tambi\u00e9n se extiende al papel de los fan\u00e1ticos y su disposici\u00f3n para aceptar cambios que podr\u00edan afectar su experiencia de concierto. Por ejemplo, \u00bfestar\u00edan dispuestos a asistir a eventos en los que se limita el uso de art\u00edculos desechables o se promueve el transporte p\u00fablico?<\/p>\n<p>El debate est\u00e1 abierto, y la industria de la m\u00fasica en vivo se encuentra en un punto de inflexi\u00f3n crucial. La creciente conciencia sobre el cambio clim\u00e1tico demanda una reevaluaci\u00f3n de pr\u00e1cticas largamente establecidas. Aunque todav\u00eda no existe una soluci\u00f3n perfecta, el compromiso conjunto de artistas, organizadores y fan\u00e1ticos hacia la sostenibilidad podr\u00eda marcar el principio de una nueva era en el mundo del turismo musical, una en la que el disfrute del arte no vaya en detrimento de nuestro planeta.<\/p>\n<p><em> &#8221; Sources listindiario.com &#8221; <\/em><\/p>\n<p><em> &#8221; Fuentes listindiario.com &#8221; <\/em><\/p>\n","protected":false},"excerpt":{"rendered":"<p>### La Paradoja del Turismo Musical: El Impacto Ambiental de las Grandes Giras En una \u00e9poca en la que el turismo y la m\u00fasica se entrelazan m\u00e1s que nunca, los amantes de ambas industrias se ven enfrentados a una realidad cada vez m\u00e1s inquietante: el impacto ambiental de las giras musicales de grandes estrellas. Uno [&hellip;]<\/p>\n","protected":false},"author":4,"featured_media":797919,"comment_status":"open","ping_status":"closed","sticky":false,"template":"","format":"standard","meta":{"om_disable_all_campaigns":false,"jnews-multi-image_gallery":[],"jnews_single_post":[],"jnews_primary_category":[],"jnews_social_meta":[],"footnotes":""},"categories":[39],"tags":[47416,170450,143624,47445,793,23355,20463,21295,545],"class_list":["post-797918","post","type-post","status-publish","format-standard","has-post-thumbnail","hentry","category-viajes","tag-desastre","tag-desastre-climatico","tag-giras","tag-jet-privado","tag-son","tag-swift","tag-taylor-swift","tag-taylor","tag-viajes"],"_links":{"self":[{"href":"https:\/\/dimensionturistica.com\/es\/wp-json\/wp\/v2\/posts\/797918","targetHints":{"allow":["GET"]}}],"collection":[{"href":"https:\/\/dimensionturistica.com\/es\/wp-json\/wp\/v2\/posts"}],"about":[{"href":"https:\/\/dimensionturistica.com\/es\/wp-json\/wp\/v2\/types\/post"}],"author":[{"embeddable":true,"href":"https:\/\/dimensionturistica.com\/es\/wp-json\/wp\/v2\/users\/4"}],"replies":[{"embeddable":true,"href":"https:\/\/dimensionturistica.com\/es\/wp-json\/wp\/v2\/comments?post=797918"}],"version-history":[{"count":0,"href":"https:\/\/dimensionturistica.com\/es\/wp-json\/wp\/v2\/posts\/797918\/revisions"}],"wp:featuredmedia":[{"embeddable":true,"href":"https:\/\/dimensionturistica.com\/es\/wp-json\/wp\/v2\/media\/797919"}],"wp:attachment":[{"href":"https:\/\/dimensionturistica.com\/es\/wp-json\/wp\/v2\/media?parent=797918"}],"wp:term":[{"taxonomy":"category","embeddable":true,"href":"https:\/\/dimensionturistica.com\/es\/wp-json\/wp\/v2\/categories?post=797918"},{"taxonomy":"post_tag","embeddable":true,"href":"https:\/\/dimensionturistica.com\/es\/wp-json\/wp\/v2\/tags?post=797918"}],"curies":[{"name":"wp","href":"https:\/\/api.w.org\/{rel}","templated":true}]}}