{"id":795600,"date":"2024-05-09T06:27:08","date_gmt":"2024-05-09T06:27:08","guid":{"rendered":"https:\/\/dimensionturistica.com\/es\/?p=795600"},"modified":"2024-05-09T06:27:08","modified_gmt":"2024-05-09T06:27:08","slug":"el-ejecutivo-rehusa-especificar-quien-cubre-los-gastos-de-los-desplazamientos-de-zapatero-a-venezuela","status":"publish","type":"post","link":"https:\/\/dimensionturistica.com\/es\/el-ejecutivo-rehusa-especificar-quien-cubre-los-gastos-de-los-desplazamientos-de-zapatero-a-venezuela\/","title":{"rendered":"El Ejecutivo reh\u00fasa especificar qui\u00e9n cubre los gastos de los desplazamientos de Zapatero a Venezuela"},"content":{"rendered":"<p>**En la Ruta de los Di\u00e1logos Transatl\u00e1nticos: Descubriendo las Huellas de un Viaje Diplom\u00e1tico por Am\u00e9rica Latina**<\/p>\n<p>En el intrincado tapiz de relaciones internacionales, Am\u00e9rica Latina siempre ha resaltado como un colorido hilo, entrelazando culturas, econom\u00edas y, fundamentalmente, visiones pol\u00edticas. Dentro de este contexto, resulta fascinante desentra\u00f1ar las rutas de di\u00e1logo y diplomacia que han sido tejidas a lo largo de los a\u00f1os. Uno de los cap\u00edtulos m\u00e1s intrigantes de esta historia lo escribe la serie de visitas diplom\u00e1ticas realizadas por el expresidente Jos\u00e9 Luis Rodr\u00edguez Zapatero a varios pa\u00edses latinoamericanos, un viaje que sin duda alguna ofrece un recorrido singular por este vibrante subcontinente.<\/p>\n<p>Viajar siguiendo las huellas de estas giras no solo es sumergirse en la rica idiosincrasia de cada pa\u00eds visitado, sino tambi\u00e9n en la complejidad de las relaciones internacionales. Desde la frondosa Venezuela, pasando por la enigm\u00e1tica Cuba, hasta la emblem\u00e1tica Brasil, estas visitas tejieron una red de di\u00e1logos y acuerdos, cuyos ecos a\u00fan resuenan en los pasillos del poder y las calles empedradas de los pa\u00edses involucrados.<\/p>\n<p>**Venezuela: Un mosaico de colores y contrastes**<\/p>\n<p>Al pisar Venezuela, uno se encuentra inmerso en un pa\u00eds de contrastes agudos, donde la belleza natural se enfrenta a desaf\u00edos socio-pol\u00edticos. La Caracas que recibi\u00f3 a Zapatero es una ciudad de historias paralelas, donde la arquitectura moderna se mezcla con edificaciones coloniales. La ruta por Venezuela invita a reflexionar sobre el impacto de las pol\u00edticas y la diplomacia en el tejido social y econ\u00f3mico del pa\u00eds.<\/p>\n<p>**Cuba: La isla del encanto y el debate**<\/p>\n<p>Cuba, por otro lado, ofrece una experiencia totalmente distinta. La Habana, con sus autos cl\u00e1sicos y edificios desgastados por el salitre, parece suspender al viajero en el tiempo. Esta isla, famosa por su resistencia y su calidez humana, fue tambi\u00e9n parada clave en el itinerario diplom\u00e1tico. Explorar Cuba es adentrarse en un debate vivo sobre libertad, progreso y solidaridad internacional.<\/p>\n<p>**Brasil: El gigante diverso**<\/p>\n<p>Finalmente, Brasil \u2013con su vastedad territorial y diversidad cultural\u2013 ofrece un escenario complejo y fascinante. Desde las playas de Copacabana hasta la selva amaz\u00f3nica, Brasil es un pa\u00eds de bellezas infinitas y contradicciones palpables. La diplomacia aqu\u00ed adquiere matices particulares, reflejo de un pa\u00eds que juega un papel crucial en el tablero geopol\u00edtico regional.<\/p>\n<p>**Un viaje de descubrimientos**<\/p>\n<p>Seguir la ruta de estas giras diplom\u00e1ticas no es solo un viaje f\u00edsico a trav\u00e9s de maravillosos paisajes y culturas ricas; es tambi\u00e9n un viaje intelectual y emocional que invita a profundizar en la comprensi\u00f3n de los procesos pol\u00edticos y sociales que moldean nuestro mundo. Cada pa\u00eds visitado ofrece una oportunidad \u00fanica para reflexionar sobre la importancia del di\u00e1logo y la cooperaci\u00f3n internacional.<\/p>\n<p>Para el viajero curioso y reflexivo, esta ruta no solo revela la belleza y heterogeneidad de Am\u00e9rica Latina, sino que tambi\u00e9n permite entender mejor las conexiones invisibles que nos unen a trav\u00e9s de la pol\u00edtica, la historia y, sobre todo, nuestra humanidad compartida. **Bienvenidos a un viaje por la diplomacia, la cultura y la belleza intr\u00ednseca de Am\u00e9rica Latina; un viaje que promete no solo vistas memorables sino tambi\u00e9n profundas lecciones sobre nuestro mundo interconectado.**<\/p>\n<p><em> &#8221; Sources theobjective.com &#8221; <\/em><\/p>\n<p><em> &#8221; Fuentes theobjective.com &#8221; <\/em><\/p>\n","protected":false},"excerpt":{"rendered":"<p>**En la Ruta de los Di\u00e1logos Transatl\u00e1nticos: Descubriendo las Huellas de un Viaje Diplom\u00e1tico por Am\u00e9rica Latina** En el intrincado tapiz de relaciones internacionales, Am\u00e9rica Latina siempre ha resaltado como un colorido hilo, entrelazando culturas, econom\u00edas y, fundamentalmente, visiones pol\u00edticas. Dentro de este contexto, resulta fascinante desentra\u00f1ar las rutas de di\u00e1logo y diplomacia que han [&hellip;]<\/p>\n","protected":false},"author":4,"featured_media":795601,"comment_status":"open","ping_status":"closed","sticky":false,"template":"","format":"standard","meta":{"om_disable_all_campaigns":false,"jnews-multi-image_gallery":[],"jnews_single_post":[],"jnews_primary_category":[],"jnews_social_meta":[],"footnotes":""},"categories":[39],"tags":[787,169134,2722,47413,169135,7634,3606,770,70353,698,169136,47370,2715,546,913,118446,2179,545,16471],"class_list":["post-795600","post","type-post","status-publish","format-standard","has-post-thumbnail","hentry","category-viajes","tag-bolivia","tag-caso-delcygate","tag-congreso-de-los-diputados","tag-costes","tag-delcy-rodriguez","tag-delcygate","tag-diputados","tag-espana","tag-felipe-gonzalez","tag-gobierno","tag-jose-luis-rodriguez-zapatero","tag-nicolas-maduro","tag-pedro-sanchez","tag-politica","tag-senado","tag-upn","tag-venezuela","tag-viajes","tag-zapatero"],"_links":{"self":[{"href":"https:\/\/dimensionturistica.com\/es\/wp-json\/wp\/v2\/posts\/795600","targetHints":{"allow":["GET"]}}],"collection":[{"href":"https:\/\/dimensionturistica.com\/es\/wp-json\/wp\/v2\/posts"}],"about":[{"href":"https:\/\/dimensionturistica.com\/es\/wp-json\/wp\/v2\/types\/post"}],"author":[{"embeddable":true,"href":"https:\/\/dimensionturistica.com\/es\/wp-json\/wp\/v2\/users\/4"}],"replies":[{"embeddable":true,"href":"https:\/\/dimensionturistica.com\/es\/wp-json\/wp\/v2\/comments?post=795600"}],"version-history":[{"count":0,"href":"https:\/\/dimensionturistica.com\/es\/wp-json\/wp\/v2\/posts\/795600\/revisions"}],"wp:featuredmedia":[{"embeddable":true,"href":"https:\/\/dimensionturistica.com\/es\/wp-json\/wp\/v2\/media\/795601"}],"wp:attachment":[{"href":"https:\/\/dimensionturistica.com\/es\/wp-json\/wp\/v2\/media?parent=795600"}],"wp:term":[{"taxonomy":"category","embeddable":true,"href":"https:\/\/dimensionturistica.com\/es\/wp-json\/wp\/v2\/categories?post=795600"},{"taxonomy":"post_tag","embeddable":true,"href":"https:\/\/dimensionturistica.com\/es\/wp-json\/wp\/v2\/tags?post=795600"}],"curies":[{"name":"wp","href":"https:\/\/api.w.org\/{rel}","templated":true}]}}