{"id":793112,"date":"2024-05-07T04:24:07","date_gmt":"2024-05-07T04:24:07","guid":{"rendered":"https:\/\/dimensionturistica.com\/es\/?p=793112"},"modified":"2024-05-07T04:24:07","modified_gmt":"2024-05-07T04:24:07","slug":"a-pesar-de-la-recesion-la-demanda-aumento-este-ano","status":"publish","type":"post","link":"https:\/\/dimensionturistica.com\/es\/a-pesar-de-la-recesion-la-demanda-aumento-este-ano\/","title":{"rendered":"A pesar de la recesi\u00f3n, la demanda aument\u00f3 este a\u00f1o"},"content":{"rendered":"<p>El turismo siempre ha sido una de las industrias m\u00e1s afectadas por las crisis econ\u00f3micas, pero parece que este a\u00f1o la tendencia est\u00e1 cambiando. A pesar de la dif\u00edcil situaci\u00f3n financiera que atraviesa el pa\u00eds, el turismo de egresados est\u00e1 en auge en Salta.<\/p>\n<p>\u00bfQu\u00e9 hace que los j\u00f3venes decidan embarcarse en un viaje de egresados en un momento tan complicado? Seg\u00fan los expertos en la materia, la respuesta radica en la importancia que le dan los j\u00f3venes a vivir nuevas experiencias y crear recuerdos inolvidables antes de entrar en una nueva etapa de sus vidas.<\/p>\n<p>Salta, con su impresionante belleza natural y su rico patrimonio cultural, se ha convertido en uno de los destinos m\u00e1s populares para los viajes de egresados. Los paisajes de ensue\u00f1o, el clima c\u00e1lido y la hospitalidad de su gente hacen de esta provincia del norte argentino el lugar perfecto para celebrar el fin de una etapa y el comienzo de otra.<\/p>\n<p>Adem\u00e1s, las empresas dedicadas al turismo de egresados han sabido adaptarse a la situaci\u00f3n econ\u00f3mica del pa\u00eds, ofreciendo paquetes accesibles y promociones especiales para que todos los j\u00f3venes puedan disfrutar de esta experiencia \u00fanica.<\/p>\n<p>As\u00ed que, si est\u00e1s pensando en organizar un viaje de egresados para celebrar junto a tus amigos el final de la escuela secundaria, no dudes en considerar Salta como destino. No solo disfrutar\u00e1s de paisajes impresionantes y actividades emocionantes, sino que tambi\u00e9n contribuir\u00e1s a impulsar la econom\u00eda local en tiempos dif\u00edciles.<\/p>\n<p>\u00a1No dejes pasar la oportunidad de vivir una experiencia inolvidable en Salta!<\/p>\n<p><em> &#8221; Sources www.eltribuno.com &#8221; <\/em><\/p>\n<p><em> &#8221; Sources www.eltribuno.com &#8221; <\/em><\/p>\n","protected":false},"excerpt":{"rendered":"<p>El turismo siempre ha sido una de las industrias m\u00e1s afectadas por las crisis econ\u00f3micas, pero parece que este a\u00f1o la tendencia est\u00e1 cambiando. A pesar de la dif\u00edcil situaci\u00f3n financiera que atraviesa el pa\u00eds, el turismo de egresados est\u00e1 en auge en Salta. \u00bfQu\u00e9 hace que los j\u00f3venes decidan embarcarse en un viaje de [&hellip;]<\/p>\n","protected":false},"author":4,"featured_media":793113,"comment_status":"open","ping_status":"closed","sticky":false,"template":"","format":"standard","meta":{"om_disable_all_campaigns":false,"jnews-multi-image_gallery":[],"jnews_single_post":[],"jnews_primary_category":[],"jnews_social_meta":[],"footnotes":""},"categories":[40],"tags":[1264,1552,3264],"class_list":["post-793112","post","type-post","status-publish","format-standard","has-post-thumbnail","hentry","category-industria","tag-ano","tag-crisis","tag-demanda"],"_links":{"self":[{"href":"https:\/\/dimensionturistica.com\/es\/wp-json\/wp\/v2\/posts\/793112","targetHints":{"allow":["GET"]}}],"collection":[{"href":"https:\/\/dimensionturistica.com\/es\/wp-json\/wp\/v2\/posts"}],"about":[{"href":"https:\/\/dimensionturistica.com\/es\/wp-json\/wp\/v2\/types\/post"}],"author":[{"embeddable":true,"href":"https:\/\/dimensionturistica.com\/es\/wp-json\/wp\/v2\/users\/4"}],"replies":[{"embeddable":true,"href":"https:\/\/dimensionturistica.com\/es\/wp-json\/wp\/v2\/comments?post=793112"}],"version-history":[{"count":0,"href":"https:\/\/dimensionturistica.com\/es\/wp-json\/wp\/v2\/posts\/793112\/revisions"}],"wp:featuredmedia":[{"embeddable":true,"href":"https:\/\/dimensionturistica.com\/es\/wp-json\/wp\/v2\/media\/793113"}],"wp:attachment":[{"href":"https:\/\/dimensionturistica.com\/es\/wp-json\/wp\/v2\/media?parent=793112"}],"wp:term":[{"taxonomy":"category","embeddable":true,"href":"https:\/\/dimensionturistica.com\/es\/wp-json\/wp\/v2\/categories?post=793112"},{"taxonomy":"post_tag","embeddable":true,"href":"https:\/\/dimensionturistica.com\/es\/wp-json\/wp\/v2\/tags?post=793112"}],"curies":[{"name":"wp","href":"https:\/\/api.w.org\/{rel}","templated":true}]}}