{"id":793024,"date":"2024-05-07T03:23:17","date_gmt":"2024-05-07T03:23:17","guid":{"rendered":"https:\/\/dimensionturistica.com\/es\/?p=793024"},"modified":"2024-05-07T03:23:17","modified_gmt":"2024-05-07T03:23:17","slug":"explora-la-encantadora-medellin-los-mejores-5-planes","status":"publish","type":"post","link":"https:\/\/dimensionturistica.com\/es\/explora-la-encantadora-medellin-los-mejores-5-planes\/","title":{"rendered":"Explora la encantadora Medell\u00edn: Los mejores 5 planes"},"content":{"rendered":"<p>Enclavada en las verdes monta\u00f1as de Colombia se encuentra la vibrante ciudad de Medell\u00edn, un destino tur\u00edstico que ha ganado popularidad en los \u00faltimos a\u00f1os por su clima c\u00e1lido, su cultura bulliciosa y su reconstrucci\u00f3n despu\u00e9s de a\u00f1os de violencia. Conocida como la &#8220;Ciudad de la Eterna Primavera&#8221;, te invita a descubrir su magia a trav\u00e9s de una diversidad de planes que te dejar\u00e1n maravillado.<\/p>\n<p>Uno de los imperdibles de Medell\u00edn es su sistema de transporte p\u00fablico, especialmente el Metrocable, que te llevar\u00e1 a las alturas para disfrutar de vistas panor\u00e1micas de la ciudad y sus alrededores. \u00a1No te pierdas la oportunidad de tomar el Metrocable hasta Parque Arv\u00ed y explorar sus senderos naturales!<\/p>\n<p>Otro plan infaltable es visitar el Jard\u00edn Bot\u00e1nico de Medell\u00edn, un oasis en medio de la ciudad donde podr\u00e1s admirar una gran variedad de plantas y flores ex\u00f3ticas, as\u00ed como relajarte en sus zonas verdes y contemplar las mariposas en su mariposario.<\/p>\n<p>Para los amantes del arte y la cultura, el Museo de Antioquia es una parada obligatoria, con una impresionante colecci\u00f3n de obras de Fernando Botero, uno de los artistas m\u00e1s reconocidos de Colombia. Adem\u00e1s, no puedes perderte la Plaza Botero, donde se encuentran varias esculturas monumentales del famoso artista.<\/p>\n<p>Si buscas un plan m\u00e1s aventurero, te recomendamos visitar el Parque Nacional Natural Los Nevados, donde podr\u00e1s hacer senderismo en sus impresionantes paisajes monta\u00f1osos y contemplar la majestuosidad de los picos nevados que le dan nombre al parque.<\/p>\n<p>Por \u00faltimo, no puedes irte de Medell\u00edn sin probar su deliciosa gastronom\u00eda. Prueba la bandeja paisa, una deliciosa combinaci\u00f3n de arroz, frijoles, carne, chorizo, huevo, aguacate y arepa que te dejar\u00e1 satisfecho y con ganas de m\u00e1s.<\/p>\n<p>En resumen, Medell\u00edn es un destino tur\u00edstico que lo tiene todo: naturaleza, cultura, arte, aventura y gastronom\u00eda. \u00a1No esperes m\u00e1s y descubre la magia de esta ciudad encantadora!<\/p>\n<p><em> &#8221; Sources espaciomex.com &#8221; <\/em><\/p>\n<p><em> &#8221; Fuentes espaciomex.com &#8221; <\/em><\/p>\n","protected":false},"excerpt":{"rendered":"<p>Enclavada en las verdes monta\u00f1as de Colombia se encuentra la vibrante ciudad de Medell\u00edn, un destino tur\u00edstico que ha ganado popularidad en los \u00faltimos a\u00f1os por su clima c\u00e1lido, su cultura bulliciosa y su reconstrucci\u00f3n despu\u00e9s de a\u00f1os de violencia. Conocida como la &#8220;Ciudad de la Eterna Primavera&#8221;, te invita a descubrir su magia a [&hellip;]<\/p>\n","protected":false},"author":4,"featured_media":0,"comment_status":"open","ping_status":"closed","sticky":false,"template":"","format":"standard","meta":{"om_disable_all_campaigns":false,"jnews-multi-image_gallery":[],"jnews_single_post":[],"jnews_primary_category":[],"jnews_social_meta":[],"footnotes":""},"categories":[39],"tags":[771,167733,5557,167734,544,545],"class_list":["post-793024","post","type-post","status-publish","format-standard","hentry","category-viajes","tag-colombia","tag-descubre-la-magia-de-medellin","tag-medellin","tag-top-5-planes","tag-turismo","tag-viajes"],"_links":{"self":[{"href":"https:\/\/dimensionturistica.com\/es\/wp-json\/wp\/v2\/posts\/793024","targetHints":{"allow":["GET"]}}],"collection":[{"href":"https:\/\/dimensionturistica.com\/es\/wp-json\/wp\/v2\/posts"}],"about":[{"href":"https:\/\/dimensionturistica.com\/es\/wp-json\/wp\/v2\/types\/post"}],"author":[{"embeddable":true,"href":"https:\/\/dimensionturistica.com\/es\/wp-json\/wp\/v2\/users\/4"}],"replies":[{"embeddable":true,"href":"https:\/\/dimensionturistica.com\/es\/wp-json\/wp\/v2\/comments?post=793024"}],"version-history":[{"count":0,"href":"https:\/\/dimensionturistica.com\/es\/wp-json\/wp\/v2\/posts\/793024\/revisions"}],"wp:attachment":[{"href":"https:\/\/dimensionturistica.com\/es\/wp-json\/wp\/v2\/media?parent=793024"}],"wp:term":[{"taxonomy":"category","embeddable":true,"href":"https:\/\/dimensionturistica.com\/es\/wp-json\/wp\/v2\/categories?post=793024"},{"taxonomy":"post_tag","embeddable":true,"href":"https:\/\/dimensionturistica.com\/es\/wp-json\/wp\/v2\/tags?post=793024"}],"curies":[{"name":"wp","href":"https:\/\/api.w.org\/{rel}","templated":true}]}}