{"id":791871,"date":"2024-04-27T01:15:12","date_gmt":"2024-04-27T01:15:12","guid":{"rendered":"https:\/\/dimensionturistica.com\/es\/?p=791871"},"modified":"2024-04-27T01:15:12","modified_gmt":"2024-04-27T01:15:12","slug":"representantes-chilenos-asisten-al-evento-lider-en-viajes-y-turismo-de-america-latina","status":"publish","type":"post","link":"https:\/\/dimensionturistica.com\/es\/representantes-chilenos-asisten-al-evento-lider-en-viajes-y-turismo-de-america-latina\/","title":{"rendered":"Representantes chilenos asisten al evento l\u00edder en viajes y turismo de Am\u00e9rica Latina."},"content":{"rendered":"<p>Recientemente, una delegaci\u00f3n chilena particip\u00f3 en uno de los eventos m\u00e1s importantes del mundo en cuanto a viajes y turismo. Este evento, que se llev\u00f3 a cabo en Sao Paulo, Brasil, reuni\u00f3 a representantes de diferentes pa\u00edses para promover sus destinos tur\u00edsticos y establecer alianzas para fomentar el turismo internacional.<\/p>\n<p>Chile, con su diversidad de paisajes y actividades tur\u00edsticas, tuvo una destacada participaci\u00f3n en este evento. Desde la imponente Cordillera de los Andes hasta la misteriosa Isla de Pascua, pasando por los imponentes glaciares de la Patagonia, Chile ofrece una amplia gama de experiencias para todo tipo de viajeros. Adem\u00e1s, su rica cultura, gastronom\u00eda y hospitalidad hacen de Chile un destino imperdible para aquellos que buscan vivir experiencias \u00fanicas.<\/p>\n<p>Durante el evento, la delegaci\u00f3n chilena present\u00f3 sus principales atractivos tur\u00edsticos y promocion\u00f3 diversas actividades tur\u00edsticas que se pueden realizar en el pa\u00eds. Adem\u00e1s, se destac\u00f3 la importancia de promover un turismo sostenible que respete el medio ambiente y las comunidades locales.<\/p>\n<p>Uno de los puntos m\u00e1s destacados de la participaci\u00f3n chilena fue la promoci\u00f3n de la Ruta del Vino, que invita a los visitantes a descubrir los valles vitivin\u00edcolas de Chile y disfrutar de la exquisita gastronom\u00eda local. Este circuito tur\u00edstico ofrece la posibilidad de conocer los vi\u00f1edos m\u00e1s prestigiosos del pa\u00eds y aprender sobre la producci\u00f3n de vino, todo ello en un entorno natural privilegiado.<\/p>\n<p>En resumen, la participaci\u00f3n de la delegaci\u00f3n chilena en este evento de viajes y turismo fue un \u00e9xito rotundo. Chile se posiciona como un destino tur\u00edstico de primer nivel, con una oferta variada y atractiva para todos los gustos. Sin duda, este pa\u00eds sudamericano se ha ganado un lugar destacado en el mapa tur\u00edstico internacional y promete seguir sorprendiendo a los viajeros con sus maravillas naturales y culturales. \u00a1No te pierdas la oportunidad de descubrir Chile en tu pr\u00f3xima aventura!<\/p>\n<p><em> &#8221; Sources www.chile.gob.cl &#8221; <\/em><\/p>\n<p><em> &#8221; Fuentes www.chile.gob.cl &#8221; <\/em><\/p>\n","protected":false},"excerpt":{"rendered":"<p>Recientemente, una delegaci\u00f3n chilena particip\u00f3 en uno de los eventos m\u00e1s importantes del mundo en cuanto a viajes y turismo. Este evento, que se llev\u00f3 a cabo en Sao Paulo, Brasil, reuni\u00f3 a representantes de diferentes pa\u00edses para promover sus destinos tur\u00edsticos y establecer alianzas para fomentar el turismo internacional. Chile, con su diversidad de [&hellip;]<\/p>\n","protected":false},"author":4,"featured_media":791872,"comment_status":"open","ping_status":"closed","sticky":false,"template":"","format":"standard","meta":{"om_disable_all_campaigns":false,"jnews-multi-image_gallery":[],"jnews_single_post":[],"jnews_primary_category":[],"jnews_social_meta":[],"footnotes":""},"categories":[39],"tags":[1236,167334,544,545],"class_list":["post-791871","post","type-post","status-publish","format-standard","has-post-thumbnail","hentry","category-viajes","tag-america-latina","tag-delegacion-chilena","tag-turismo","tag-viajes"],"_links":{"self":[{"href":"https:\/\/dimensionturistica.com\/es\/wp-json\/wp\/v2\/posts\/791871","targetHints":{"allow":["GET"]}}],"collection":[{"href":"https:\/\/dimensionturistica.com\/es\/wp-json\/wp\/v2\/posts"}],"about":[{"href":"https:\/\/dimensionturistica.com\/es\/wp-json\/wp\/v2\/types\/post"}],"author":[{"embeddable":true,"href":"https:\/\/dimensionturistica.com\/es\/wp-json\/wp\/v2\/users\/4"}],"replies":[{"embeddable":true,"href":"https:\/\/dimensionturistica.com\/es\/wp-json\/wp\/v2\/comments?post=791871"}],"version-history":[{"count":0,"href":"https:\/\/dimensionturistica.com\/es\/wp-json\/wp\/v2\/posts\/791871\/revisions"}],"wp:featuredmedia":[{"embeddable":true,"href":"https:\/\/dimensionturistica.com\/es\/wp-json\/wp\/v2\/media\/791872"}],"wp:attachment":[{"href":"https:\/\/dimensionturistica.com\/es\/wp-json\/wp\/v2\/media?parent=791871"}],"wp:term":[{"taxonomy":"category","embeddable":true,"href":"https:\/\/dimensionturistica.com\/es\/wp-json\/wp\/v2\/categories?post=791871"},{"taxonomy":"post_tag","embeddable":true,"href":"https:\/\/dimensionturistica.com\/es\/wp-json\/wp\/v2\/tags?post=791871"}],"curies":[{"name":"wp","href":"https:\/\/api.w.org\/{rel}","templated":true}]}}