{"id":789647,"date":"2024-04-24T18:57:38","date_gmt":"2024-04-24T18:57:38","guid":{"rendered":"https:\/\/dimensionturistica.com\/es\/?p=789647"},"modified":"2024-04-24T18:57:38","modified_gmt":"2024-04-24T18:57:38","slug":"este-es-el-limite-de-viajes-posibles-con-el-programa-de-turismo-del-imserso-en-el-ano-2024","status":"publish","type":"post","link":"https:\/\/dimensionturistica.com\/es\/este-es-el-limite-de-viajes-posibles-con-el-programa-de-turismo-del-imserso-en-el-ano-2024\/","title":{"rendered":"Este es el l\u00edmite de viajes posibles con el programa de turismo del  IMSERSO en el a\u00f1o 2024"},"content":{"rendered":"<p>En los \u00faltimos a\u00f1os, el programa del IMSERSO ha sido una de las opciones m\u00e1s populares entre los mayores de 65 a\u00f1os que desean disfrutar de unas vacaciones a un precio asequible. Sin embargo, la demanda ha superado con creces la capacidad del programa, lo que ha llevado a que el n\u00famero m\u00e1ximo de viajes se haya limitado hasta el a\u00f1o 2024.<\/p>\n<p>Esto ha generado cierta incertidumbre entre aquellos que esperan poder acceder a estas ofertas en el futuro, pero tambi\u00e9n abre la puerta a nuevas oportunidades para el turismo en Espa\u00f1a. Con la limitaci\u00f3n del n\u00famero de viajes del IMSERSO, se espera que aumente la demanda de otros destinos y servicios tur\u00edsticos dentro del pa\u00eds.<\/p>\n<p>Adem\u00e1s, esta situaci\u00f3n puede ser una buena oportunidad para que las empresas tur\u00edsticas espa\u00f1olas diversifiquen su oferta y atraigan a un p\u00fablico m\u00e1s joven y exigente. Con un enfoque en la calidad de los servicios y las experiencias \u00fanicas, pueden posicionarse como destinos de referencia para todo tipo de viajeros, no solo para los mayores de 65 a\u00f1os.<\/p>\n<p>En definitiva, la limitaci\u00f3n del programa del IMSERSO hasta el a\u00f1o 2024 puede suponer un reto para algunos, pero tambi\u00e9n una oportunidad para la innovaci\u00f3n y el crecimiento del turismo en Espa\u00f1a. Es el momento de apostar por la diversificaci\u00f3n y la calidad, para seguir siendo un destino de referencia a nivel internacional. \u00a1No te pierdas las nuevas experiencias que te esperan en Espa\u00f1a!<\/p>\n<p><em> &#8221; Sources lagradaonline.com &#8221; <\/em><\/p>\n<p><em> &#8221; Fuentes lagradaonline.com &#8221; <\/em><\/p>\n","protected":false},"excerpt":{"rendered":"<p>En los \u00faltimos a\u00f1os, el programa del IMSERSO ha sido una de las opciones m\u00e1s populares entre los mayores de 65 a\u00f1os que desean disfrutar de unas vacaciones a un precio asequible. Sin embargo, la demanda ha superado con creces la capacidad del programa, lo que ha llevado a que el n\u00famero m\u00e1ximo de viajes [&hellip;]<\/p>\n","protected":false},"author":4,"featured_media":789648,"comment_status":"open","ping_status":"closed","sticky":false,"template":"","format":"standard","meta":{"om_disable_all_campaigns":false,"jnews-multi-image_gallery":[],"jnews_single_post":[],"jnews_primary_category":[],"jnews_social_meta":[],"footnotes":""},"categories":[39],"tags":[6495,813,545],"class_list":["post-789647","post","type-post","status-publish","format-standard","has-post-thumbnail","hentry","category-viajes","tag-6495","tag-imserso","tag-viajes"],"_links":{"self":[{"href":"https:\/\/dimensionturistica.com\/es\/wp-json\/wp\/v2\/posts\/789647","targetHints":{"allow":["GET"]}}],"collection":[{"href":"https:\/\/dimensionturistica.com\/es\/wp-json\/wp\/v2\/posts"}],"about":[{"href":"https:\/\/dimensionturistica.com\/es\/wp-json\/wp\/v2\/types\/post"}],"author":[{"embeddable":true,"href":"https:\/\/dimensionturistica.com\/es\/wp-json\/wp\/v2\/users\/4"}],"replies":[{"embeddable":true,"href":"https:\/\/dimensionturistica.com\/es\/wp-json\/wp\/v2\/comments?post=789647"}],"version-history":[{"count":0,"href":"https:\/\/dimensionturistica.com\/es\/wp-json\/wp\/v2\/posts\/789647\/revisions"}],"wp:featuredmedia":[{"embeddable":true,"href":"https:\/\/dimensionturistica.com\/es\/wp-json\/wp\/v2\/media\/789648"}],"wp:attachment":[{"href":"https:\/\/dimensionturistica.com\/es\/wp-json\/wp\/v2\/media?parent=789647"}],"wp:term":[{"taxonomy":"category","embeddable":true,"href":"https:\/\/dimensionturistica.com\/es\/wp-json\/wp\/v2\/categories?post=789647"},{"taxonomy":"post_tag","embeddable":true,"href":"https:\/\/dimensionturistica.com\/es\/wp-json\/wp\/v2\/tags?post=789647"}],"curies":[{"name":"wp","href":"https:\/\/api.w.org\/{rel}","templated":true}]}}