{"id":789165,"date":"2024-04-24T07:57:15","date_gmt":"2024-04-24T07:57:15","guid":{"rendered":"https:\/\/dimensionturistica.com\/es\/?p=789165"},"modified":"2024-04-24T07:57:15","modified_gmt":"2024-04-24T07:57:15","slug":"el-paraiso-costero-mas-popular-para-tus-vacaciones-de-verano","status":"publish","type":"post","link":"https:\/\/dimensionturistica.com\/es\/el-paraiso-costero-mas-popular-para-tus-vacaciones-de-verano\/","title":{"rendered":"El para\u00edso costero m\u00e1s popular para tus vacaciones de verano"},"content":{"rendered":"<p>Grecia y Espa\u00f1a, dos destinos ba\u00f1ados por el mar Mediterr\u00e1neo que se han erigido como aut\u00e9nticos para\u00edsos para los amantes de la playa. Y es que, seg\u00fan una reciente encuesta, ambos pa\u00edses han sido elegidos como los mejores destinos para viajar este verano y disfrutar de aguas cristalinas, arena dorada y paisajes impresionantes.<\/p>\n<p>Grecia, cuna de la civilizaci\u00f3n antigua y de paisajes de ensue\u00f1o, destaca por sus islas paradis\u00edacas como Mykonos, Santorini o Creta. Playas de aguas turquesas y pueblos blancos que se entremezclan con el azul intenso del mar Egeo, convirti\u00e9ndose en el escenario perfecto para unas vacaciones inolvidables.<\/p>\n<p>Por otro lado, Espa\u00f1a no se queda atr\u00e1s, con cientos de kil\u00f3metros de costa ba\u00f1ados por el Mediterr\u00e1neo y el Atl\u00e1ntico. Desde la costa sur de Andaluc\u00eda con sus playas de arena fina y aguas c\u00e1lidas, hasta las calas escondidas de la Costa Brava en Catalu\u00f1a o las playas v\u00edrgenes de las Islas Baleares, Espa\u00f1a ofrece una amplia variedad de opciones para todos los gustos.<\/p>\n<p>Ya sea que prefieras relajarte en una hamaca bajo el sol, practicar deportes acu\u00e1ticos como el surf o el buceo, o disfrutar de la gastronom\u00eda local a pie de playa, tanto Grecia como Espa\u00f1a te ofrecen un sinf\u00edn de posibilidades para disfrutar del verano al m\u00e1ximo.<\/p>\n<p>As\u00ed que si est\u00e1s buscando el destino perfecto para tus pr\u00f3ximas vacaciones de playa, no dudes en elegir entre estos dos destinos de ensue\u00f1o que han conquistado el coraz\u00f3n de miles de turistas. \u00a1Prepara tu ba\u00f1ador, tu protector solar y tu esp\u00edritu aventurero, y d\u00e9jate llevar por la magia del Mediterr\u00e1neo!<\/p>\n<p><em> &#8221; Sources www.elespanol.com &#8221; <\/em><\/p>\n<p><em> &#8221; Fuentes www.elespanol.com &#8221; <\/em><\/p>\n","protected":false},"excerpt":{"rendered":"<p>Grecia y Espa\u00f1a, dos destinos ba\u00f1ados por el mar Mediterr\u00e1neo que se han erigido como aut\u00e9nticos para\u00edsos para los amantes de la playa. Y es que, seg\u00fan una reciente encuesta, ambos pa\u00edses han sido elegidos como los mejores destinos para viajar este verano y disfrutar de aguas cristalinas, arena dorada y paisajes impresionantes. Grecia, cuna [&hellip;]<\/p>\n","protected":false},"author":4,"featured_media":789166,"comment_status":"open","ping_status":"closed","sticky":false,"template":"","format":"standard","meta":{"om_disable_all_campaigns":false,"jnews-multi-image_gallery":[],"jnews_single_post":[],"jnews_primary_category":[],"jnews_social_meta":[],"footnotes":""},"categories":[39],"tags":[707,548,6735,2182,2873,790],"class_list":["post-789165","post","type-post","status-publish","format-standard","has-post-thumbnail","hentry","category-viajes","tag-actualidad","tag-destino","tag-playa","tag-tendencias","tag-verano","tag-viajar"],"_links":{"self":[{"href":"https:\/\/dimensionturistica.com\/es\/wp-json\/wp\/v2\/posts\/789165","targetHints":{"allow":["GET"]}}],"collection":[{"href":"https:\/\/dimensionturistica.com\/es\/wp-json\/wp\/v2\/posts"}],"about":[{"href":"https:\/\/dimensionturistica.com\/es\/wp-json\/wp\/v2\/types\/post"}],"author":[{"embeddable":true,"href":"https:\/\/dimensionturistica.com\/es\/wp-json\/wp\/v2\/users\/4"}],"replies":[{"embeddable":true,"href":"https:\/\/dimensionturistica.com\/es\/wp-json\/wp\/v2\/comments?post=789165"}],"version-history":[{"count":0,"href":"https:\/\/dimensionturistica.com\/es\/wp-json\/wp\/v2\/posts\/789165\/revisions"}],"wp:featuredmedia":[{"embeddable":true,"href":"https:\/\/dimensionturistica.com\/es\/wp-json\/wp\/v2\/media\/789166"}],"wp:attachment":[{"href":"https:\/\/dimensionturistica.com\/es\/wp-json\/wp\/v2\/media?parent=789165"}],"wp:term":[{"taxonomy":"category","embeddable":true,"href":"https:\/\/dimensionturistica.com\/es\/wp-json\/wp\/v2\/categories?post=789165"},{"taxonomy":"post_tag","embeddable":true,"href":"https:\/\/dimensionturistica.com\/es\/wp-json\/wp\/v2\/tags?post=789165"}],"curies":[{"name":"wp","href":"https:\/\/api.w.org\/{rel}","templated":true}]}}