{"id":786965,"date":"2024-04-21T17:39:48","date_gmt":"2024-04-21T17:39:48","guid":{"rendered":"https:\/\/dimensionturistica.com\/es\/?p=786965"},"modified":"2024-04-21T17:39:48","modified_gmt":"2024-04-21T17:39:48","slug":"directivo-de-empresa-de-alimentos-t-w-garner-fija-fecha-de-retiro-para-el-31-de-diciembre","status":"publish","type":"post","link":"https:\/\/dimensionturistica.com\/es\/directivo-de-empresa-de-alimentos-t-w-garner-fija-fecha-de-retiro-para-el-31-de-diciembre\/","title":{"rendered":"Directivo de empresa de alimentos T.W. Garner fija fecha de retiro para el 31 de diciembre"},"content":{"rendered":"<p>En el mundo de la gastronom\u00eda sure\u00f1a, hay un nombre que resuena con fuerza: Texas Pete. La empresa T.W. Garner Foods, fabricante de esta ic\u00f3nica salsa picante, ha sido liderada por un hombre clave en su \u00e9xito: el director ejecutivo Steve DeCorte.<\/p>\n<p>Despu\u00e9s de a\u00f1os de dedicaci\u00f3n y pasi\u00f3n por la marca, DeCorte ha anunciado su fecha de retiro, dejando un legado imborrable en la industria alimentaria. Durante su mandato, Texas Pete se ha convertido en un elemento b\u00e1sico en los hogares y restaurantes de todo el pa\u00eds, con su distintivo sabor picante que a\u00f1ade un toque de fuego a cualquier plato.<\/p>\n<p>Pero la historia de T.W. Garner Foods va m\u00e1s all\u00e1 de su producto estrella. Con una larga tradici\u00f3n en la fabricaci\u00f3n de condimentos y aderezos, la empresa ha sabido adaptarse a los gustos cambiantes de los consumidores, manteniendo siempre la calidad y autenticidad que la han caracterizado desde sus inicios.<\/p>\n<p>Adem\u00e1s, la visi\u00f3n de DeCorte no solo se centr\u00f3 en el crecimiento de la marca, sino tambi\u00e9n en su compromiso con la comunidad y el medio ambiente. Bajo su liderazgo, T.W. Garner Foods implement\u00f3 iniciativas de sostenibilidad y responsabilidad social, demostrando que una empresa puede ser exitosa sin perder de vista su impacto en el entorno que la rodea.<\/p>\n<p>A medida que se acerca la fecha de retiro de Steve DeCorte, es inevitable reflexionar sobre su legado y el futuro de T.W. Garner Foods. Sin duda, su sucesor tendr\u00e1 un gran desaf\u00edo por delante al intentar igualar el impacto positivo que DeCorte ha tenido en la empresa y en la industria en general.<\/p>\n<p>As\u00ed que la pr\u00f3xima vez que a\u00f1adas un chorrito de Texas Pete a tus alimentos favoritos, recuerda la historia detr\u00e1s de esta famosa salsa picante y el hombre que contribuy\u00f3 a hacerla a\u00fan m\u00e1s grande.<\/p>\n<p><em> &#8221; Sources journalnow.com &#8221; <\/em><\/p>\n","protected":false},"excerpt":{"rendered":"<p>En el mundo de la gastronom\u00eda sure\u00f1a, hay un nombre que resuena con fuerza: Texas Pete. La empresa T.W. Garner Foods, fabricante de esta ic\u00f3nica salsa picante, ha sido liderada por un hombre clave en su \u00e9xito: el director ejecutivo Steve DeCorte. Despu\u00e9s de a\u00f1os de dedicaci\u00f3n y pasi\u00f3n por la marca, DeCorte ha anunciado [&hellip;]<\/p>\n","protected":false},"author":2,"featured_media":786966,"comment_status":"open","ping_status":"closed","sticky":false,"template":"","format":"standard","meta":{"om_disable_all_campaigns":false,"jnews-multi-image_gallery":[],"jnews_single_post":[],"jnews_primary_category":[],"jnews_social_meta":[],"footnotes":""},"categories":[43],"tags":[230,160206,10199,12090,70697,123200,83883,190,165195,118579,165194,96769,54363],"class_list":["post-786965","post","type-post","status-publish","format-standard","has-post-thumbnail","hentry","category-gourmet","tag-business","tag-business-and-commercial-law","tag-ceo","tag-gastronomy","tag-industry","tag-institutions","tag-job-market","tag-politics","tag-retirement-date","tag-sociology","tag-t-w-garner-foods","tag-the-economy","tag-trade"],"_links":{"self":[{"href":"https:\/\/dimensionturistica.com\/es\/wp-json\/wp\/v2\/posts\/786965","targetHints":{"allow":["GET"]}}],"collection":[{"href":"https:\/\/dimensionturistica.com\/es\/wp-json\/wp\/v2\/posts"}],"about":[{"href":"https:\/\/dimensionturistica.com\/es\/wp-json\/wp\/v2\/types\/post"}],"author":[{"embeddable":true,"href":"https:\/\/dimensionturistica.com\/es\/wp-json\/wp\/v2\/users\/2"}],"replies":[{"embeddable":true,"href":"https:\/\/dimensionturistica.com\/es\/wp-json\/wp\/v2\/comments?post=786965"}],"version-history":[{"count":0,"href":"https:\/\/dimensionturistica.com\/es\/wp-json\/wp\/v2\/posts\/786965\/revisions"}],"wp:featuredmedia":[{"embeddable":true,"href":"https:\/\/dimensionturistica.com\/es\/wp-json\/wp\/v2\/media\/786966"}],"wp:attachment":[{"href":"https:\/\/dimensionturistica.com\/es\/wp-json\/wp\/v2\/media?parent=786965"}],"wp:term":[{"taxonomy":"category","embeddable":true,"href":"https:\/\/dimensionturistica.com\/es\/wp-json\/wp\/v2\/categories?post=786965"},{"taxonomy":"post_tag","embeddable":true,"href":"https:\/\/dimensionturistica.com\/es\/wp-json\/wp\/v2\/tags?post=786965"}],"curies":[{"name":"wp","href":"https:\/\/api.w.org\/{rel}","templated":true}]}}