{"id":782226,"date":"2024-04-16T19:13:08","date_gmt":"2024-04-16T19:13:08","guid":{"rendered":"https:\/\/dimensionturistica.com\/es\/?p=782226"},"modified":"2024-04-16T19:13:08","modified_gmt":"2024-04-16T19:13:08","slug":"la-poderosa-empresaria-de-los-cruceros-con-una-fortuna-de-31-mil-millones","status":"publish","type":"post","link":"https:\/\/dimensionturistica.com\/es\/la-poderosa-empresaria-de-los-cruceros-con-una-fortuna-de-31-mil-millones\/","title":{"rendered":"La poderosa empresaria de los cruceros con una fortuna de 31 mil millones"},"content":{"rendered":"<p>La industria del transporte a\u00e9reo es un sector en constante evoluci\u00f3n, y la compa\u00f1\u00eda aer\u00e9a Air France-KLM ha dado un paso adelante al anunciar su objetivo de reducir a la mitad sus emisiones de carbono para el a\u00f1o 2030. Esta ambiciosa meta forma parte de un plan integral que busca hacer que la aviaci\u00f3n sea m\u00e1s sostenible y respetuosa con el medio ambiente.<\/p>\n<p>Uno de los aspectos m\u00e1s interesantes de este plan es la inversi\u00f3n en tecnolog\u00edas m\u00e1s limpias y eficientes. Air France-KLM se ha comprometido a modernizar su flota de aviones, incorporando aeronaves con menor consumo de combustible y emisiones. Esto no solo contribuir\u00e1 a reducir su huella de carbono, sino que tambi\u00e9n permitir\u00e1 ofrecer a sus pasajeros una experiencia de vuelo m\u00e1s c\u00f3moda y eficiente.<\/p>\n<p>Adem\u00e1s de la modernizaci\u00f3n de la flota, la compa\u00f1\u00eda est\u00e1 apostando por las energ\u00edas renovables y el uso de biocombustibles. Estas medidas son clave para lograr su objetivo de reducir a la mitad las emisiones de carbono, ya que el transporte a\u00e9reo es uno de los sectores m\u00e1s contaminantes a nivel global. Al apostar por fuentes de energ\u00eda m\u00e1s limpias, Air France-KLM se posiciona como un l\u00edder en la lucha contra el cambio clim\u00e1tico.<\/p>\n<p>Por otro lado, la compa\u00f1\u00eda tambi\u00e9n est\u00e1 trabajando en la implementaci\u00f3n de programas de compensaci\u00f3n de carbono, que permitir\u00e1n a los pasajeros contribuir de manera voluntaria a la reducci\u00f3n de emisiones. Esta iniciativa demuestra el compromiso de Air France-KLM con la sostenibilidad y con la conciencia ambiental.<\/p>\n<p>En definitiva, la industria del transporte a\u00e9reo est\u00e1 experimentando una transformaci\u00f3n hacia la sostenibilidad, y Air France-KLM se encuentra a la vanguardia de este cambio. Con su plan para reducir a la mitad las emisiones de carbono para el a\u00f1o 2030, la compa\u00f1\u00eda demuestra su compromiso con el medio ambiente y con ofrecer una experiencia de vuelo m\u00e1s responsable. Un paso en la direcci\u00f3n correcta hacia un futuro m\u00e1s limpio y sostenible.<\/p>\n<p><em> &#8221; Sources amp.expansion.com &#8221; <\/em><\/p>\n<p><em> &#8221; Fuentes amp.expansion.com &#8221; <\/em><\/p>\n","protected":false},"excerpt":{"rendered":"<p>La industria del transporte a\u00e9reo es un sector en constante evoluci\u00f3n, y la compa\u00f1\u00eda aer\u00e9a Air France-KLM ha dado un paso adelante al anunciar su objetivo de reducir a la mitad sus emisiones de carbono para el a\u00f1o 2030. Esta ambiciosa meta forma parte de un plan integral que busca hacer que la aviaci\u00f3n sea [&hellip;]<\/p>\n","protected":false},"author":4,"featured_media":782227,"comment_status":"open","ping_status":"closed","sticky":false,"template":"","format":"standard","meta":{"om_disable_all_campaigns":false,"jnews-multi-image_gallery":[],"jnews_single_post":[],"jnews_primary_category":[],"jnews_social_meta":[],"footnotes":""},"categories":[41],"tags":[163388,543,634,3674,7150,15643,163387,731],"class_list":["post-782226","post","type-post","status-publish","format-standard","has-post-thumbnail","hentry","category-cruceros","tag-31000-millones","tag-cruceros","tag-empresas","tag-empresas-transporte","tag-fortuna","tag-magnate","tag-rafaela-aponte-diamant","tag-transporte-y-turismo"],"_links":{"self":[{"href":"https:\/\/dimensionturistica.com\/es\/wp-json\/wp\/v2\/posts\/782226","targetHints":{"allow":["GET"]}}],"collection":[{"href":"https:\/\/dimensionturistica.com\/es\/wp-json\/wp\/v2\/posts"}],"about":[{"href":"https:\/\/dimensionturistica.com\/es\/wp-json\/wp\/v2\/types\/post"}],"author":[{"embeddable":true,"href":"https:\/\/dimensionturistica.com\/es\/wp-json\/wp\/v2\/users\/4"}],"replies":[{"embeddable":true,"href":"https:\/\/dimensionturistica.com\/es\/wp-json\/wp\/v2\/comments?post=782226"}],"version-history":[{"count":0,"href":"https:\/\/dimensionturistica.com\/es\/wp-json\/wp\/v2\/posts\/782226\/revisions"}],"wp:featuredmedia":[{"embeddable":true,"href":"https:\/\/dimensionturistica.com\/es\/wp-json\/wp\/v2\/media\/782227"}],"wp:attachment":[{"href":"https:\/\/dimensionturistica.com\/es\/wp-json\/wp\/v2\/media?parent=782226"}],"wp:term":[{"taxonomy":"category","embeddable":true,"href":"https:\/\/dimensionturistica.com\/es\/wp-json\/wp\/v2\/categories?post=782226"},{"taxonomy":"post_tag","embeddable":true,"href":"https:\/\/dimensionturistica.com\/es\/wp-json\/wp\/v2\/tags?post=782226"}],"curies":[{"name":"wp","href":"https:\/\/api.w.org\/{rel}","templated":true}]}}