{"id":779857,"date":"2024-04-14T05:17:32","date_gmt":"2024-04-14T05:17:32","guid":{"rendered":"https:\/\/dimensionturistica.com\/es\/?p=779857"},"modified":"2024-04-14T05:17:32","modified_gmt":"2024-04-14T05:17:32","slug":"el-representante-de-turismo-y-cultura-de-uribia-presenta-en-la-convencion-de-viajes-maritimos-en-estados-unidos","status":"publish","type":"post","link":"https:\/\/dimensionturistica.com\/es\/el-representante-de-turismo-y-cultura-de-uribia-presenta-en-la-convencion-de-viajes-maritimos-en-estados-unidos\/","title":{"rendered":"El representante de turismo y cultura de Uribia presenta en la convenci\u00f3n de viajes mar\u00edtimos en Estados Unidos"},"content":{"rendered":"<p>La Guajira, un destino por descubrir<\/p>\n<p>En medio de la majestuosidad de los paisajes des\u00e9rticos y las playas de aguas cristalinas de La Guajira, se esconde un tesoro por descubrir para los amantes de la cultura y el turismo. Y es que el Secretario de Turismo y Cultura de Uribia ha sabido llevar la esencia de esta regi\u00f3n colombiana hasta la Feria de Cruceros en Estados Unidos, donde ha presentado las maravillas que ofrece este destino \u00fanico.<\/p>\n<p>La Guajira, ubicada en el extremo norte de Colombia, es conocida por ser el hogar de la comunidad ind\u00edgena Wayuu, que conserva sus tradiciones ancestrales y su rica cultura viva. Durante la participaci\u00f3n del Secretario de Turismo y Cultura de Uribia en la Feria de Cruceros, se resalt\u00f3 la importancia de preservar y difundir las tradiciones de esta comunidad, as\u00ed como de promover el turismo sostenible en la regi\u00f3n.<\/p>\n<p>Adem\u00e1s de su riqueza cultural, La Guajira cuenta con una biodiversidad impresionante, donde el desierto se fusiona con el mar Caribe, creando paisajes \u00fanicos que invitan a la aventura y la contemplaci\u00f3n. Desde las dunas de Punta Gallinas hasta las playas cristalinas de Cabo de la Vela, cada rinc\u00f3n de esta regi\u00f3n esconde sorpresas que enamoran a quienes se aventuran a descubrirlas.<\/p>\n<p>La participaci\u00f3n del Secretario de Turismo y Cultura de Uribia en la Feria de Cruceros ha sido un paso importante para dar a conocer La Guajira como destino tur\u00edstico, no solo a nivel nacional, sino tambi\u00e9n internacional. Con un enfoque en la preservaci\u00f3n de la cultura y la promoci\u00f3n del turismo sostenible, esta regi\u00f3n promete convertirse en un lugar de visita obligada para los amantes de la naturaleza y la cultura.<\/p>\n<p>As\u00ed que si est\u00e1s buscando un destino aut\u00e9ntico y lleno de sorpresas, no dudes en incluir a La Guajira en tus pr\u00f3ximos planes de viaje. Descubre la magia de esta regi\u00f3n colombiana y d\u00e9jate sorprender por todo lo que tiene para ofrecer. \u00a1Te esperamos con los brazos abiertos en La Guajira!<\/p>\n<p><em> &#8221; Sources diariodelnorte.net &#8221; <\/em><\/p>\n<p><em> &#8221; Fuentes diariodelnorte.net &#8221; <\/em><\/p>\n","protected":false},"excerpt":{"rendered":"<p>La Guajira, un destino por descubrir En medio de la majestuosidad de los paisajes des\u00e9rticos y las playas de aguas cristalinas de La Guajira, se esconde un tesoro por descubrir para los amantes de la cultura y el turismo. Y es que el Secretario de Turismo y Cultura de Uribia ha sabido llevar la esencia [&hellip;]<\/p>\n","protected":false},"author":4,"featured_media":779858,"comment_status":"open","ping_status":"closed","sticky":false,"template":"","format":"standard","meta":{"om_disable_all_campaigns":false,"jnews-multi-image_gallery":[],"jnews_single_post":[],"jnews_primary_category":[],"jnews_social_meta":[],"footnotes":""},"categories":[41],"tags":[662,588,82584,544,162389],"class_list":["post-779857","post","type-post","status-publish","format-standard","has-post-thumbnail","hentry","category-cruceros","tag-cultura","tag-ee-uu","tag-feria-de-cruceros","tag-turismo","tag-uribia"],"_links":{"self":[{"href":"https:\/\/dimensionturistica.com\/es\/wp-json\/wp\/v2\/posts\/779857","targetHints":{"allow":["GET"]}}],"collection":[{"href":"https:\/\/dimensionturistica.com\/es\/wp-json\/wp\/v2\/posts"}],"about":[{"href":"https:\/\/dimensionturistica.com\/es\/wp-json\/wp\/v2\/types\/post"}],"author":[{"embeddable":true,"href":"https:\/\/dimensionturistica.com\/es\/wp-json\/wp\/v2\/users\/4"}],"replies":[{"embeddable":true,"href":"https:\/\/dimensionturistica.com\/es\/wp-json\/wp\/v2\/comments?post=779857"}],"version-history":[{"count":0,"href":"https:\/\/dimensionturistica.com\/es\/wp-json\/wp\/v2\/posts\/779857\/revisions"}],"wp:featuredmedia":[{"embeddable":true,"href":"https:\/\/dimensionturistica.com\/es\/wp-json\/wp\/v2\/media\/779858"}],"wp:attachment":[{"href":"https:\/\/dimensionturistica.com\/es\/wp-json\/wp\/v2\/media?parent=779857"}],"wp:term":[{"taxonomy":"category","embeddable":true,"href":"https:\/\/dimensionturistica.com\/es\/wp-json\/wp\/v2\/categories?post=779857"},{"taxonomy":"post_tag","embeddable":true,"href":"https:\/\/dimensionturistica.com\/es\/wp-json\/wp\/v2\/tags?post=779857"}],"curies":[{"name":"wp","href":"https:\/\/api.w.org\/{rel}","templated":true}]}}