{"id":777843,"date":"2024-04-11T21:38:53","date_gmt":"2024-04-11T21:38:53","guid":{"rendered":"https:\/\/dimensionturistica.com\/es\/?p=777843"},"modified":"2024-04-11T21:38:53","modified_gmt":"2024-04-11T21:38:53","slug":"nueva-ruta-de-vuelos-europeos-llega-al-aeropuerto-internacional-de-tulum","status":"publish","type":"post","link":"https:\/\/dimensionturistica.com\/es\/nueva-ruta-de-vuelos-europeos-llega-al-aeropuerto-internacional-de-tulum\/","title":{"rendered":"Nueva ruta de vuelos europeos llega al Aeropuerto Internacional de Tulum"},"content":{"rendered":"<p>La Riviera Maya, uno de los destinos tur\u00edsticos m\u00e1s visitados de M\u00e9xico, pronto tendr\u00e1 una nueva opci\u00f3n para aquellos que deseen llegar a sus paradis\u00edacas playas. Una aerol\u00ednea europea ha anunciado que comenzar\u00e1 a ofrecer vuelos directos al Aeropuerto Internacional de Tulum, lo que significa que los turistas podr\u00e1n disfrutar de una experiencia m\u00e1s c\u00f3moda y r\u00e1pida para llegar a este hermoso destino.<\/p>\n<p>Esta noticia ha causado revuelo entre los amantes de la Riviera Maya, pues el Aeropuerto Internacional de Tulum se encuentra ubicado a solo 25 minutos de las famosas playas de esta regi\u00f3n, lo que permitir\u00e1 a los viajeros disfrutar de sus vacaciones desde el momento en que aterricen en tierras mexicanas. Adem\u00e1s, la aerol\u00ednea europea ha revelado que ofrecer\u00e1 vuelos directos desde varias ciudades europeas, lo que facilitar\u00e1 a\u00fan m\u00e1s el acceso a este destino tur\u00edstico.<\/p>\n<p>Conocido por sus hermosas playas de arena blanca, aguas cristalinas y una rica historia cultural, Tulum es el lugar perfecto para aquellos que buscan combinar relax, aventura y cultura en sus vacaciones. Desde visitar las antiguas ruinas mayas hasta practicar snorkel en los arrecifes de coral, este destino tiene algo para todos los gustos.<\/p>\n<p>Adem\u00e1s, Tulum se ha convertido en un destino eco-friendly, con muchos hoteles y resorts comprometidos con la sustentabilidad y el cuidado del medio ambiente. Esto hace que sea una opci\u00f3n ideal para aquellos que buscan unas vacaciones sostenibles y respetuosas con la naturaleza.<\/p>\n<p>As\u00ed que si est\u00e1s planeando tus pr\u00f3ximas vacaciones y quieres vivir una experiencia \u00fanica en la Riviera Maya, no dudes en considerar los nuevos vuelos directos al Aeropuerto Internacional de Tulum. Con la comodidad y facilidad que ofrece esta nueva opci\u00f3n, tu escapada a este para\u00edso mexicano ser\u00e1 inolvidable. \u00a1Prep\u00e1rate para disfrutar de unas vacaciones de ensue\u00f1o en Tulum!<\/p>\n<p><em> &#8221; Sources www.informador.mx &#8221; <\/em><\/p>\n<p><em> &#8221; Fuentes www.informador.mx &#8221; <\/em><\/p>\n","protected":false},"excerpt":{"rendered":"<p>La Riviera Maya, uno de los destinos tur\u00edsticos m\u00e1s visitados de M\u00e9xico, pronto tendr\u00e1 una nueva opci\u00f3n para aquellos que deseen llegar a sus paradis\u00edacas playas. Una aerol\u00ednea europea ha anunciado que comenzar\u00e1 a ofrecer vuelos directos al Aeropuerto Internacional de Tulum, lo que significa que los turistas podr\u00e1n disfrutar de una experiencia m\u00e1s c\u00f3moda [&hellip;]<\/p>\n","protected":false},"author":4,"featured_media":777844,"comment_status":"open","ping_status":"closed","sticky":false,"template":"","format":"standard","meta":{"om_disable_all_campaigns":false,"jnews-multi-image_gallery":[],"jnews_single_post":[],"jnews_primary_category":[],"jnews_social_meta":[],"footnotes":""},"categories":[39],"tags":[161494,803,161493,1653,545,740],"class_list":["post-777843","post","type-post","status-publish","format-standard","has-post-thumbnail","hentry","category-viajes","tag-aerolinea-europea","tag-aerolineas","tag-aeropuerto-internacional-de-tulum","tag-europa","tag-viajes","tag-vuelos"],"_links":{"self":[{"href":"https:\/\/dimensionturistica.com\/es\/wp-json\/wp\/v2\/posts\/777843","targetHints":{"allow":["GET"]}}],"collection":[{"href":"https:\/\/dimensionturistica.com\/es\/wp-json\/wp\/v2\/posts"}],"about":[{"href":"https:\/\/dimensionturistica.com\/es\/wp-json\/wp\/v2\/types\/post"}],"author":[{"embeddable":true,"href":"https:\/\/dimensionturistica.com\/es\/wp-json\/wp\/v2\/users\/4"}],"replies":[{"embeddable":true,"href":"https:\/\/dimensionturistica.com\/es\/wp-json\/wp\/v2\/comments?post=777843"}],"version-history":[{"count":0,"href":"https:\/\/dimensionturistica.com\/es\/wp-json\/wp\/v2\/posts\/777843\/revisions"}],"wp:featuredmedia":[{"embeddable":true,"href":"https:\/\/dimensionturistica.com\/es\/wp-json\/wp\/v2\/media\/777844"}],"wp:attachment":[{"href":"https:\/\/dimensionturistica.com\/es\/wp-json\/wp\/v2\/media?parent=777843"}],"wp:term":[{"taxonomy":"category","embeddable":true,"href":"https:\/\/dimensionturistica.com\/es\/wp-json\/wp\/v2\/categories?post=777843"},{"taxonomy":"post_tag","embeddable":true,"href":"https:\/\/dimensionturistica.com\/es\/wp-json\/wp\/v2\/tags?post=777843"}],"curies":[{"name":"wp","href":"https:\/\/api.w.org\/{rel}","templated":true}]}}