{"id":777352,"date":"2024-04-11T12:51:35","date_gmt":"2024-04-11T12:51:35","guid":{"rendered":"https:\/\/dimensionturistica.com\/es\/?p=777352"},"modified":"2024-04-11T12:51:35","modified_gmt":"2024-04-11T12:51:35","slug":"el-parlamento-obliga-a-los-legisladores-a-viajar-en-clase-economica-en-vuelos-cortos","status":"publish","type":"post","link":"https:\/\/dimensionturistica.com\/es\/el-parlamento-obliga-a-los-legisladores-a-viajar-en-clase-economica-en-vuelos-cortos\/","title":{"rendered":"El Parlamento obliga a los legisladores a viajar en clase econ\u00f3mica en vuelos cortos."},"content":{"rendered":"<p>El turismo es una de las industrias m\u00e1s importantes a nivel mundial, y cada vez m\u00e1s personas est\u00e1n optando por explorar nuevos destinos y vivir experiencias \u00fanicas en diferentes partes del mundo. Sin embargo, en los \u00faltimos a\u00f1os ha surgido una creciente conciencia sobre la importancia de adoptar pr\u00e1cticas m\u00e1s sostenibles y respetuosas con el medio ambiente.<\/p>\n<p>En este sentido, recientemente el Bundestag alem\u00e1n ha dado un paso importante al imponer restricciones a los vuelos de sus diputados, quienes ahora solo podr\u00e1n viajar en clase econ\u00f3mica en vuelos de menos de seis horas. Esta medida, que busca reducir las emisiones de carbono y fomentar una actitud m\u00e1s responsable hacia el cambio clim\u00e1tico, ha generado un gran debate en la sociedad y ha puesto de manifiesto la necesidad de repensar la forma en que viajamos.<\/p>\n<p>La iniciativa del Bundestag no solo es un ejemplo de liderazgo en el camino hacia un turismo m\u00e1s sostenible, sino que tambi\u00e9n plantea importantes cuestiones \u00e9ticas y sociales. \u00bfEs realmente necesario viajar en primera clase para cumplir con nuestras responsabilidades como representantes p\u00fablicos? \u00bfQu\u00e9 impacto tienen nuestros h\u00e1bitos de viaje en el medio ambiente y en las comunidades locales que visitamos?<\/p>\n<p>Estas preguntas invitan a reflexionar sobre la forma en que concebimos el turismo y nos plantean el desaf\u00edo de adoptar pr\u00e1cticas m\u00e1s conscientes y respetuosas con el entorno. Viajar no solo implica descubrir nuevos lugares y culturas, sino tambi\u00e9n asumir una responsabilidad con el planeta y con las generaciones futuras.<\/p>\n<p>Desde viajar en transporte p\u00fablico en lugar de en veh\u00edculos privados, hasta elegir alojamientos y actividades respetuosas con el medio ambiente, existen numerosas maneras de contribuir a un turismo m\u00e1s sostenible y \u00e9tico. Cada peque\u00f1a acci\u00f3n cuenta y puede marcar la diferencia en la lucha contra el cambio clim\u00e1tico y la preservaci\u00f3n de nuestro planeta.<\/p>\n<p>En definitiva, el turismo sostenible es una tendencia que no solo est\u00e1 en auge, sino que se ha convertido en una necesidad urgente en un mundo cada vez m\u00e1s amenazado por el calentamiento global. La decisi\u00f3n del Bundestag alem\u00e1n es solo el comienzo de un cambio de paradigma en el sector tur\u00edstico, y nos invita a todos a reflexionar sobre la manera en que viajamos y a tomar decisiones responsables que beneficien a nuestro planeta y a las generaciones venideras. \u00a1El futuro del turismo est\u00e1 en nuestras manos!<\/p>\n<p><em> &#8221; Sources www.abc.es &#8221; <\/em><\/p>\n<p><em> &#8221; Fuentes www.abc.es &#8221; <\/em><\/p>\n","protected":false},"excerpt":{"rendered":"<p>El turismo es una de las industrias m\u00e1s importantes a nivel mundial, y cada vez m\u00e1s personas est\u00e1n optando por explorar nuevos destinos y vivir experiencias \u00fanicas en diferentes partes del mundo. Sin embargo, en los \u00faltimos a\u00f1os ha surgido una creciente conciencia sobre la importancia de adoptar pr\u00e1cticas m\u00e1s sostenibles y respetuosas con el [&hellip;]<\/p>\n","protected":false},"author":4,"featured_media":777353,"comment_status":"open","ping_status":"closed","sticky":false,"template":"","format":"standard","meta":{"om_disable_all_campaigns":false,"jnews-multi-image_gallery":[],"jnews_single_post":[],"jnews_primary_category":[],"jnews_social_meta":[],"footnotes":""},"categories":[39],"tags":[161293,13077,9604,3606,161294,83652,78317,9764,5178,8070,190,16144,5929,1888,1599],"class_list":["post-777352","post","type-post","status-publish","format-standard","has-post-thumbnail","hentry","category-viajes","tag-bundestag","tag-clase","tag-cuatro","tag-diputados","tag-economy-class","tag-flying","tag-four-hours","tag-germany","tag-horas","tag-impone","tag-politics","tag-puedan","tag-solo","tag-turista","tag-volar"],"_links":{"self":[{"href":"https:\/\/dimensionturistica.com\/es\/wp-json\/wp\/v2\/posts\/777352","targetHints":{"allow":["GET"]}}],"collection":[{"href":"https:\/\/dimensionturistica.com\/es\/wp-json\/wp\/v2\/posts"}],"about":[{"href":"https:\/\/dimensionturistica.com\/es\/wp-json\/wp\/v2\/types\/post"}],"author":[{"embeddable":true,"href":"https:\/\/dimensionturistica.com\/es\/wp-json\/wp\/v2\/users\/4"}],"replies":[{"embeddable":true,"href":"https:\/\/dimensionturistica.com\/es\/wp-json\/wp\/v2\/comments?post=777352"}],"version-history":[{"count":0,"href":"https:\/\/dimensionturistica.com\/es\/wp-json\/wp\/v2\/posts\/777352\/revisions"}],"wp:featuredmedia":[{"embeddable":true,"href":"https:\/\/dimensionturistica.com\/es\/wp-json\/wp\/v2\/media\/777353"}],"wp:attachment":[{"href":"https:\/\/dimensionturistica.com\/es\/wp-json\/wp\/v2\/media?parent=777352"}],"wp:term":[{"taxonomy":"category","embeddable":true,"href":"https:\/\/dimensionturistica.com\/es\/wp-json\/wp\/v2\/categories?post=777352"},{"taxonomy":"post_tag","embeddable":true,"href":"https:\/\/dimensionturistica.com\/es\/wp-json\/wp\/v2\/tags?post=777352"}],"curies":[{"name":"wp","href":"https:\/\/api.w.org\/{rel}","templated":true}]}}