{"id":776801,"date":"2024-04-10T21:43:14","date_gmt":"2024-04-10T21:43:14","guid":{"rendered":"https:\/\/dimensionturistica.com\/es\/?p=776801"},"modified":"2024-04-10T21:43:14","modified_gmt":"2024-04-10T21:43:14","slug":"inmigrantes-bolivianos-en-barcelona-buscan-alternativas-para-evitar-expulsion","status":"publish","type":"post","link":"https:\/\/dimensionturistica.com\/es\/inmigrantes-bolivianos-en-barcelona-buscan-alternativas-para-evitar-expulsion\/","title":{"rendered":"Inmigrantes bolivianos en Barcelona buscan alternativas para evitar expulsi\u00f3n"},"content":{"rendered":"<p>Barcelona, una ciudad cosmopolita y llena de oportunidades, se convierte en escenario de una historia de inmigraci\u00f3n que ha conmovido a muchos. En esta ocasi\u00f3n, un grupo de bolivianos se encuentra en una encrucijada, luchando contra el tiempo para evitar la deportaci\u00f3n.<\/p>\n<p>Atrapados en un limbo legal, estas personas se enfrentan a la dif\u00edcil tarea de encontrar una soluci\u00f3n que les permita quedarse en Espa\u00f1a, un pa\u00eds que han llegado a considerar como su hogar. Con la incertidumbre y el miedo acechando, cada d\u00eda se convierte en una carrera contra el reloj.<\/p>\n<p>Desde la solidaridad de la comunidad hasta la desesperaci\u00f3n de los afectados, la historia de estos bolivianos atrapados en Barcelona nos invita a reflexionar sobre la realidad que viven miles de inmigrantes en todo el mundo. \u00bfQu\u00e9 opciones les quedan? \u00bfC\u00f3mo pueden hacer frente a un sistema que les niega la posibilidad de construir una vida digna?<\/p>\n<p>M\u00e1s all\u00e1 de las cifras y las pol\u00edticas migratorias, esta historia nos recuerda la importancia de la empat\u00eda y la solidaridad en un mundo cada vez m\u00e1s globalizado. A trav\u00e9s de su lucha, estos bolivianos nos hacen ver que, al final del d\u00eda, todos somos seres humanos en busca de un lugar al que llamar hogar.<\/p>\n<p>En medio de la incertidumbre y la adversidad, la esperanza se convierte en su mayor aliada. Y es que, como reza el famoso refr\u00e1n, donde hay voluntad, hay un camino. Queda por ver si estas personas lograr\u00e1n encontrar ese camino que les permita seguir adelante en Barcelona, una ciudad que hoy les muestra su rostro m\u00e1s desafiante y, a su vez, m\u00e1s solidario.<\/p>\n<p><em> &#8221; Sources metropoliabierta.elespanol.com &#8221; <\/em><\/p>\n<p><em> &#8221; Fuentes metropoliabierta.elespanol.com &#8221; <\/em><\/p>\n","protected":false},"excerpt":{"rendered":"<p>Barcelona, una ciudad cosmopolita y llena de oportunidades, se convierte en escenario de una historia de inmigraci\u00f3n que ha conmovido a muchos. En esta ocasi\u00f3n, un grupo de bolivianos se encuentra en una encrucijada, luchando contra el tiempo para evitar la deportaci\u00f3n. Atrapados en un limbo legal, estas personas se enfrentan a la dif\u00edcil tarea [&hellip;]<\/p>\n","protected":false},"author":4,"featured_media":776802,"comment_status":"open","ping_status":"closed","sticky":false,"template":"","format":"standard","meta":{"om_disable_all_campaigns":false,"jnews-multi-image_gallery":[],"jnews_single_post":[],"jnews_primary_category":[],"jnews_social_meta":[],"footnotes":""},"categories":[41],"tags":[21556,2917,157636,38502,3548,4885,77780,722,570],"class_list":["post-776801","post","type-post","status-publish","format-standard","has-post-thumbnail","hentry","category-cruceros","tag-atrapados","tag-barcelona","tag-bolivianos","tag-deportacion","tag-inmigracion","tag-opciones","tag-port-de-barcelona","tag-sucesos","tag-turistas"],"_links":{"self":[{"href":"https:\/\/dimensionturistica.com\/es\/wp-json\/wp\/v2\/posts\/776801","targetHints":{"allow":["GET"]}}],"collection":[{"href":"https:\/\/dimensionturistica.com\/es\/wp-json\/wp\/v2\/posts"}],"about":[{"href":"https:\/\/dimensionturistica.com\/es\/wp-json\/wp\/v2\/types\/post"}],"author":[{"embeddable":true,"href":"https:\/\/dimensionturistica.com\/es\/wp-json\/wp\/v2\/users\/4"}],"replies":[{"embeddable":true,"href":"https:\/\/dimensionturistica.com\/es\/wp-json\/wp\/v2\/comments?post=776801"}],"version-history":[{"count":0,"href":"https:\/\/dimensionturistica.com\/es\/wp-json\/wp\/v2\/posts\/776801\/revisions"}],"wp:featuredmedia":[{"embeddable":true,"href":"https:\/\/dimensionturistica.com\/es\/wp-json\/wp\/v2\/media\/776802"}],"wp:attachment":[{"href":"https:\/\/dimensionturistica.com\/es\/wp-json\/wp\/v2\/media?parent=776801"}],"wp:term":[{"taxonomy":"category","embeddable":true,"href":"https:\/\/dimensionturistica.com\/es\/wp-json\/wp\/v2\/categories?post=776801"},{"taxonomy":"post_tag","embeddable":true,"href":"https:\/\/dimensionturistica.com\/es\/wp-json\/wp\/v2\/tags?post=776801"}],"curies":[{"name":"wp","href":"https:\/\/api.w.org\/{rel}","templated":true}]}}