{"id":774204,"date":"2024-04-08T10:18:32","date_gmt":"2024-04-08T10:18:32","guid":{"rendered":"https:\/\/dimensionturistica.com\/es\/?p=774204"},"modified":"2024-04-08T10:18:32","modified_gmt":"2024-04-08T10:18:32","slug":"el-salvador-celebra-la-importante-feria-turistica-centroamerica-travel-market","status":"publish","type":"post","link":"https:\/\/dimensionturistica.com\/es\/el-salvador-celebra-la-importante-feria-turistica-centroamerica-travel-market\/","title":{"rendered":"El Salvador celebra la importante feria tur\u00edstica Centroam\u00e9rica Travel Market"},"content":{"rendered":"<p>El Salvador acoge la Feria Centroam\u00e9rica Travel Market<\/p>\n<p>Centroam\u00e9rica es un destino tur\u00edstico por excelencia, y El Salvador ha sido elegido como el pa\u00eds anfitri\u00f3n de la feria m\u00e1s importante de la regi\u00f3n: Centroam\u00e9rica Travel Market. Este evento re\u00fane a representantes de la industria tur\u00edstica de los siete pa\u00edses centroamericanos, as\u00ed como a compradores internacionales en busca de nuevas experiencias y destinos.<\/p>\n<p>Durante la feria, que se llevar\u00e1 a cabo en la capital salvadore\u00f1a, San Salvador, los asistentes tendr\u00e1n la oportunidad de conocer de primera mano las maravillas naturales, culturales y gastron\u00f3micas que ofrece esta regi\u00f3n del mundo. Desde playas ex\u00f3ticas hasta ruinas arqueol\u00f3gicas, Centroam\u00e9rica tiene algo para todos los gustos.<\/p>\n<p>El Salvador, en particular, se destaca por su rica historia y su diversidad de paisajes. Desde la imponente Ruta de las Flores, con sus pintorescos pueblos y exuberante vegetaci\u00f3n, hasta el Volc\u00e1n de Izalco, conocido como &#8220;El Faro del Pac\u00edfico&#8221;, que ofrece impresionantes vistas panor\u00e1micas.<\/p>\n<p>Adem\u00e1s de la variedad de atracciones tur\u00edsticas, Centroam\u00e9rica Travel Market tambi\u00e9n ser\u00e1 el escenario para la realizaci\u00f3n de negocios entre tour operadores, hoteles, agencias de viajes y otros actores clave en la industria tur\u00edstica. Se espera que estas reuniones generen acuerdos y colaboraciones que impulsen el turismo en la regi\u00f3n.<\/p>\n<p>Si eres un amante de los viajes y est\u00e1s buscando nuevas aventuras, Centroam\u00e9rica es el lugar perfecto para ti. Con pa\u00edses llenos de historia, cultura y naturaleza deslumbrante, no cabe duda de que este destino dejar\u00e1 una huella imborrable en tu coraz\u00f3n.<\/p>\n<p>No te pierdas la oportunidad de descubrir Centroam\u00e9rica en todo su esplendor. \u00a1Prep\u00e1rate para vivir una experiencia \u00fanica en la Feria Centroam\u00e9rica Travel Market en El Salvador!<\/p>\n<p><em> &#8221; Sources www.inoutviajes.com &#8221; <\/em><\/p>\n<p><em> &#8221; Fuentes www.inoutviajes.com &#8221; <\/em><\/p>\n","protected":false},"excerpt":{"rendered":"<p>El Salvador acoge la Feria Centroam\u00e9rica Travel Market Centroam\u00e9rica es un destino tur\u00edstico por excelencia, y El Salvador ha sido elegido como el pa\u00eds anfitri\u00f3n de la feria m\u00e1s importante de la regi\u00f3n: Centroam\u00e9rica Travel Market. Este evento re\u00fane a representantes de la industria tur\u00edstica de los siete pa\u00edses centroamericanos, as\u00ed como a compradores internacionales [&hellip;]<\/p>\n","protected":false},"author":4,"featured_media":774205,"comment_status":"open","ping_status":"closed","sticky":false,"template":"","format":"standard","meta":{"om_disable_all_campaigns":false,"jnews-multi-image_gallery":[],"jnews_single_post":[],"jnews_primary_category":[],"jnews_social_meta":[],"footnotes":""},"categories":[39],"tags":[10255,7250,6193,1061,7898,5836,685,84998],"class_list":["post-774204","post","type-post","status-publish","format-standard","has-post-thumbnail","hentry","category-viajes","tag-acoge","tag-centroamerica","tag-el-salvador","tag-feria","tag-market","tag-salvador","tag-travel","tag-travel-market"],"_links":{"self":[{"href":"https:\/\/dimensionturistica.com\/es\/wp-json\/wp\/v2\/posts\/774204","targetHints":{"allow":["GET"]}}],"collection":[{"href":"https:\/\/dimensionturistica.com\/es\/wp-json\/wp\/v2\/posts"}],"about":[{"href":"https:\/\/dimensionturistica.com\/es\/wp-json\/wp\/v2\/types\/post"}],"author":[{"embeddable":true,"href":"https:\/\/dimensionturistica.com\/es\/wp-json\/wp\/v2\/users\/4"}],"replies":[{"embeddable":true,"href":"https:\/\/dimensionturistica.com\/es\/wp-json\/wp\/v2\/comments?post=774204"}],"version-history":[{"count":0,"href":"https:\/\/dimensionturistica.com\/es\/wp-json\/wp\/v2\/posts\/774204\/revisions"}],"wp:featuredmedia":[{"embeddable":true,"href":"https:\/\/dimensionturistica.com\/es\/wp-json\/wp\/v2\/media\/774205"}],"wp:attachment":[{"href":"https:\/\/dimensionturistica.com\/es\/wp-json\/wp\/v2\/media?parent=774204"}],"wp:term":[{"taxonomy":"category","embeddable":true,"href":"https:\/\/dimensionturistica.com\/es\/wp-json\/wp\/v2\/categories?post=774204"},{"taxonomy":"post_tag","embeddable":true,"href":"https:\/\/dimensionturistica.com\/es\/wp-json\/wp\/v2\/tags?post=774204"}],"curies":[{"name":"wp","href":"https:\/\/api.w.org\/{rel}","templated":true}]}}