{"id":773680,"date":"2024-04-07T12:20:29","date_gmt":"2024-04-07T12:20:29","guid":{"rendered":"https:\/\/dimensionturistica.com\/es\/?p=773680"},"modified":"2024-04-07T12:20:29","modified_gmt":"2024-04-07T12:20:29","slug":"la-atractiva-feria-turistica-regresa-a-cuba","status":"publish","type":"post","link":"https:\/\/dimensionturistica.com\/es\/la-atractiva-feria-turistica-regresa-a-cuba\/","title":{"rendered":"La atractiva feria tur\u00edstica regresa a Cuba"},"content":{"rendered":"<p>Cuba se prepara para recibir uno de los eventos tur\u00edsticos m\u00e1s esperados del a\u00f1o: la Feria Internacional de Turismo FITCuba. Despu\u00e9s de un a\u00f1o de ausencia debido a la pandemia, esta feria regresa con m\u00e1s fuerza que nunca, atrayendo a visitantes nacionales e internacionales \u00e1vidos de conocer las maravillas que la isla caribe\u00f1a tiene para ofrecer.<\/p>\n<p>Durante la feria, que se llevar\u00e1 a cabo en Varadero, los asistentes tendr\u00e1n la oportunidad de conocer de primera mano las \u00faltimas novedades en el sector tur\u00edstico cubano. Desde hoteles boutique hasta experiencias gastron\u00f3micas \u00fanicas, habr\u00e1 algo para todos los gustos y presupuestos.<\/p>\n<p>Adem\u00e1s de la exposici\u00f3n de productos tur\u00edsticos, la FITCuba ofrecer\u00e1 conferencias y seminarios impartidos por expertos en la industria, brindando a los asistentes la oportunidad de aprender sobre las \u00faltimas tendencias y estrategias en el sector.<\/p>\n<p>Pero la feria no solo se trata de negocios, tambi\u00e9n habr\u00e1 espacio para la diversi\u00f3n y el entretenimiento. Con conciertos, espect\u00e1culos culturales y degustaciones de comida, los visitantes tendr\u00e1n la oportunidad de sumergirse en la rica cultura cubana y disfrutar de momentos inolvidables.<\/p>\n<p>Para los amantes de la naturaleza y la aventura, Cuba ofrece una amplia gama de actividades, desde buceo en aguas cristalinas hasta excursiones a la impresionante selva tropical. Sin duda, este destino tiene todo lo necesario para satisfacer las necesidades de los viajeros m\u00e1s exigentes.<\/p>\n<p>Si est\u00e1s planeando tu pr\u00f3ximo viaje y buscas un destino \u00fanico y emocionante, no puedes perderte la Feria Internacional de Turismo FITCuba. \u00a1Prep\u00e1rate para descubrir todo lo que esta incre\u00edble isla tiene para ofrecer y vive una experiencia inolvidable en el coraz\u00f3n del Caribe!<\/p>\n<p><em> &#8221; Sources www.tvsantiago.icrt.cu &#8221; <\/em><\/p>\n<p><em> &#8221; Sources www.tvsantiago.icrt.cu &#8221; <\/em><\/p>\n","protected":false},"excerpt":{"rendered":"<p>Cuba se prepara para recibir uno de los eventos tur\u00edsticos m\u00e1s esperados del a\u00f1o: la Feria Internacional de Turismo FITCuba. Despu\u00e9s de un a\u00f1o de ausencia debido a la pandemia, esta feria regresa con m\u00e1s fuerza que nunca, atrayendo a visitantes nacionales e internacionales \u00e1vidos de conocer las maravillas que la isla caribe\u00f1a tiene para [&hellip;]<\/p>\n","protected":false},"author":4,"featured_media":773681,"comment_status":"open","ping_status":"closed","sticky":false,"template":"","format":"standard","meta":{"om_disable_all_campaigns":false,"jnews-multi-image_gallery":[],"jnews_single_post":[],"jnews_primary_category":[],"jnews_social_meta":[],"footnotes":""},"categories":[40],"tags":[50153,956,19410],"class_list":["post-773680","post","type-post","status-publish","format-standard","has-post-thumbnail","hentry","category-industria","tag-atractiva","tag-cuba","tag-feria-de-turismo"],"_links":{"self":[{"href":"https:\/\/dimensionturistica.com\/es\/wp-json\/wp\/v2\/posts\/773680","targetHints":{"allow":["GET"]}}],"collection":[{"href":"https:\/\/dimensionturistica.com\/es\/wp-json\/wp\/v2\/posts"}],"about":[{"href":"https:\/\/dimensionturistica.com\/es\/wp-json\/wp\/v2\/types\/post"}],"author":[{"embeddable":true,"href":"https:\/\/dimensionturistica.com\/es\/wp-json\/wp\/v2\/users\/4"}],"replies":[{"embeddable":true,"href":"https:\/\/dimensionturistica.com\/es\/wp-json\/wp\/v2\/comments?post=773680"}],"version-history":[{"count":0,"href":"https:\/\/dimensionturistica.com\/es\/wp-json\/wp\/v2\/posts\/773680\/revisions"}],"wp:featuredmedia":[{"embeddable":true,"href":"https:\/\/dimensionturistica.com\/es\/wp-json\/wp\/v2\/media\/773681"}],"wp:attachment":[{"href":"https:\/\/dimensionturistica.com\/es\/wp-json\/wp\/v2\/media?parent=773680"}],"wp:term":[{"taxonomy":"category","embeddable":true,"href":"https:\/\/dimensionturistica.com\/es\/wp-json\/wp\/v2\/categories?post=773680"},{"taxonomy":"post_tag","embeddable":true,"href":"https:\/\/dimensionturistica.com\/es\/wp-json\/wp\/v2\/tags?post=773680"}],"curies":[{"name":"wp","href":"https:\/\/api.w.org\/{rel}","templated":true}]}}