{"id":773377,"date":"2024-04-06T22:18:41","date_gmt":"2024-04-06T22:18:41","guid":{"rendered":"https:\/\/dimensionturistica.com\/es\/?p=773377"},"modified":"2024-04-06T22:18:41","modified_gmt":"2024-04-06T22:18:41","slug":"regresa-a-la-isla-caribena-su-popular-evento-de-turismo","status":"publish","type":"post","link":"https:\/\/dimensionturistica.com\/es\/regresa-a-la-isla-caribena-su-popular-evento-de-turismo\/","title":{"rendered":"Regresa a la isla caribe\u00f1a su popular evento de turismo"},"content":{"rendered":"<p>Cuba vuelve a brillar con su atractiva feria de turismo, un evento que re\u00fane lo mejor de la industria tur\u00edstica de la isla caribe\u00f1a. Con expositores de todo el mundo, este evento es una oportunidad \u00fanica para descubrir las maravillas que ofrece Cuba como destino de viaje.<\/p>\n<p>La feria de turismo es un escaparate para mostrar la diversidad de opciones que tiene la isla, desde sus playas paradis\u00edacas hasta sus ciudades llenas de historia y cultura. Los visitantes tendr\u00e1n la oportunidad de conocer de primera mano las \u00faltimas novedades en alojamientos, actividades tur\u00edsticas y experiencias \u00fanicas que solo se pueden vivir en Cuba.<\/p>\n<p>Adem\u00e1s, la feria ofrece la posibilidad de establecer contactos con profesionales del sector tur\u00edstico, lo que puede abrir nuevas oportunidades de negocio y colaboraci\u00f3n. El intercambio de ideas y experiencias en un entorno tan inspirador como el de la feria de turismo de Cuba puede ser el inicio de proyectos que beneficien a ambas partes.<\/p>\n<p>Pero la feria de turismo no es solo para profesionales, sino tambi\u00e9n para los amantes de viajar que desean conocer m\u00e1s sobre Cuba y planificar sus pr\u00f3ximas vacaciones. Con presentaciones de destinos tur\u00edsticos, degustaciones de la gastronom\u00eda local y actividades culturales, la feria ofrece una experiencia inolvidable para todos los visitantes.<\/p>\n<p>En resumen, la feria de turismo de Cuba es un evento imperdible para todos aquellos interesados en descubrir los encantos de esta hermosa isla caribe\u00f1a. No pierdas la oportunidad de sumergirte en su cultura, sus paisajes y su hospitalidad \u00fanica. \u00a1Ven y descubre todo lo que Cuba tiene para ofrecer!<\/p>\n<p><em> &#8221; Sources www.prensa-latina.cu &#8221; <\/em><\/p>\n<p><em> &#8221; Sources www.prensa-latina.cu &#8221; <\/em><\/p>\n","protected":false},"excerpt":{"rendered":"<p>Cuba vuelve a brillar con su atractiva feria de turismo, un evento que re\u00fane lo mejor de la industria tur\u00edstica de la isla caribe\u00f1a. Con expositores de todo el mundo, este evento es una oportunidad \u00fanica para descubrir las maravillas que ofrece Cuba como destino de viaje. La feria de turismo es un escaparate para [&hellip;]<\/p>\n","protected":false},"author":4,"featured_media":773378,"comment_status":"open","ping_status":"closed","sticky":false,"template":"","format":"standard","meta":{"om_disable_all_campaigns":false,"jnews-multi-image_gallery":[],"jnews_single_post":[],"jnews_primary_category":[],"jnews_social_meta":[],"footnotes":""},"categories":[40],"tags":[50153,37027,956,715,19410,150176,544,1861,545],"class_list":["post-773377","post","type-post","status-publish","format-standard","has-post-thumbnail","hentry","category-industria","tag-atractiva","tag-comentario","tag-cuba","tag-economia","tag-feria-de-turismo","tag-prensa-latina-noticias","tag-turismo","tag-vacaciones","tag-viajes"],"_links":{"self":[{"href":"https:\/\/dimensionturistica.com\/es\/wp-json\/wp\/v2\/posts\/773377","targetHints":{"allow":["GET"]}}],"collection":[{"href":"https:\/\/dimensionturistica.com\/es\/wp-json\/wp\/v2\/posts"}],"about":[{"href":"https:\/\/dimensionturistica.com\/es\/wp-json\/wp\/v2\/types\/post"}],"author":[{"embeddable":true,"href":"https:\/\/dimensionturistica.com\/es\/wp-json\/wp\/v2\/users\/4"}],"replies":[{"embeddable":true,"href":"https:\/\/dimensionturistica.com\/es\/wp-json\/wp\/v2\/comments?post=773377"}],"version-history":[{"count":0,"href":"https:\/\/dimensionturistica.com\/es\/wp-json\/wp\/v2\/posts\/773377\/revisions"}],"wp:featuredmedia":[{"embeddable":true,"href":"https:\/\/dimensionturistica.com\/es\/wp-json\/wp\/v2\/media\/773378"}],"wp:attachment":[{"href":"https:\/\/dimensionturistica.com\/es\/wp-json\/wp\/v2\/media?parent=773377"}],"wp:term":[{"taxonomy":"category","embeddable":true,"href":"https:\/\/dimensionturistica.com\/es\/wp-json\/wp\/v2\/categories?post=773377"},{"taxonomy":"post_tag","embeddable":true,"href":"https:\/\/dimensionturistica.com\/es\/wp-json\/wp\/v2\/tags?post=773377"}],"curies":[{"name":"wp","href":"https:\/\/api.w.org\/{rel}","templated":true}]}}