{"id":773313,"date":"2024-04-06T20:24:55","date_gmt":"2024-04-06T20:24:55","guid":{"rendered":"https:\/\/dimensionturistica.com\/es\/?p=773313"},"modified":"2024-04-06T20:24:55","modified_gmt":"2024-04-06T20:24:55","slug":"regresa-a-la-isla-caribena-su-impresionante-exposicion-de-viajes","status":"publish","type":"post","link":"https:\/\/dimensionturistica.com\/es\/regresa-a-la-isla-caribena-su-impresionante-exposicion-de-viajes\/","title":{"rendered":"Regresa a la isla caribe\u00f1a su impresionante exposici\u00f3n de viajes"},"content":{"rendered":"<p>Cuba, un destino que nunca deja de sorprender a sus visitantes, est\u00e1 preparando una vez m\u00e1s su tan esperada Feria de Turismo, un evento que promete atraer a miles de turistas de todo el mundo. En esta ocasi\u00f3n, la ciudad de Matanzas vuelve a ser la anfitriona de esta incre\u00edble feria que re\u00fane lo mejor de la cultura, la gastronom\u00eda y la hospitalidad cubana.<\/p>\n<p>Durante la Feria, los visitantes podr\u00e1n disfrutar de una amplia variedad de actividades, desde degustaciones de la deliciosa comida local hasta espect\u00e1culos de m\u00fasica y baile tradicional. Adem\u00e1s, tendr\u00e1n la oportunidad de explorar la belleza natural de Matanzas, con sus impresionantes playas, parques y paisajes pintorescos. Sin duda, esta ciudad tiene mucho que ofrecer a quienes decidan visitarla.<\/p>\n<p>Pero la Feria de Turismo no solo se trata de diversi\u00f3n y entretenimiento. Tambi\u00e9n es una oportunidad \u00fanica para que los empresarios tur\u00edsticos de la regi\u00f3n puedan promocionar sus servicios y establecer contactos con potenciales clientes. Esto significa que los asistentes tendr\u00e1n la oportunidad de descubrir nuevas experiencias y ofertas tur\u00edsticas que har\u00e1n que su viaje a Cuba sea verdaderamente inolvidable.<\/p>\n<p>Adem\u00e1s, la Feria de Turismo de Matanzas tambi\u00e9n es una excelente ocasi\u00f3n para aprender m\u00e1s sobre la rica historia y cultura de Cuba. Los visitantes tendr\u00e1n la oportunidad de visitar museos, galer\u00edas de arte y otros lugares de inter\u00e9s cultural que les permitir\u00e1n sumergirse en la fascinante historia de esta isla caribe\u00f1a.<\/p>\n<p>En resumen, la Feria de Turismo de Matanzas es un evento imperdible para todos aquellos amantes de los viajes y la aventura. Con su combinaci\u00f3n \u00fanica de diversi\u00f3n, cultura y oportunidades de negocio, esta feria promete ser una experiencia inolvidable que dejar\u00e1 a los visitantes con ganas de regresar una y otra vez a Cuba. \u00a1No te pierdas la oportunidad de vivir esta incre\u00edble experiencia en Matanzas!<\/p>\n<p><em> &#8221; Sources www.tvyumuri.cu &#8221; <\/em><\/p>\n<p><em> &#8221; Sources www.tvyumuri.cu &#8221; <\/em><\/p>\n","protected":false},"excerpt":{"rendered":"<p>Cuba, un destino que nunca deja de sorprender a sus visitantes, est\u00e1 preparando una vez m\u00e1s su tan esperada Feria de Turismo, un evento que promete atraer a miles de turistas de todo el mundo. En esta ocasi\u00f3n, la ciudad de Matanzas vuelve a ser la anfitriona de esta incre\u00edble feria que re\u00fane lo mejor [&hellip;]<\/p>\n","protected":false},"author":4,"featured_media":773314,"comment_status":"open","ping_status":"closed","sticky":false,"template":"","format":"standard","meta":{"om_disable_all_campaigns":false,"jnews-multi-image_gallery":[],"jnews_single_post":[],"jnews_primary_category":[],"jnews_social_meta":[],"footnotes":""},"categories":[40],"tags":[50153,956,19410,6826,159387],"class_list":["post-773313","post","type-post","status-publish","format-standard","has-post-thumbnail","hentry","category-industria","tag-atractiva","tag-cuba","tag-feria-de-turismo","tag-matanzas","tag-tvyumuri"],"_links":{"self":[{"href":"https:\/\/dimensionturistica.com\/es\/wp-json\/wp\/v2\/posts\/773313","targetHints":{"allow":["GET"]}}],"collection":[{"href":"https:\/\/dimensionturistica.com\/es\/wp-json\/wp\/v2\/posts"}],"about":[{"href":"https:\/\/dimensionturistica.com\/es\/wp-json\/wp\/v2\/types\/post"}],"author":[{"embeddable":true,"href":"https:\/\/dimensionturistica.com\/es\/wp-json\/wp\/v2\/users\/4"}],"replies":[{"embeddable":true,"href":"https:\/\/dimensionturistica.com\/es\/wp-json\/wp\/v2\/comments?post=773313"}],"version-history":[{"count":0,"href":"https:\/\/dimensionturistica.com\/es\/wp-json\/wp\/v2\/posts\/773313\/revisions"}],"wp:featuredmedia":[{"embeddable":true,"href":"https:\/\/dimensionturistica.com\/es\/wp-json\/wp\/v2\/media\/773314"}],"wp:attachment":[{"href":"https:\/\/dimensionturistica.com\/es\/wp-json\/wp\/v2\/media?parent=773313"}],"wp:term":[{"taxonomy":"category","embeddable":true,"href":"https:\/\/dimensionturistica.com\/es\/wp-json\/wp\/v2\/categories?post=773313"},{"taxonomy":"post_tag","embeddable":true,"href":"https:\/\/dimensionturistica.com\/es\/wp-json\/wp\/v2\/tags?post=773313"}],"curies":[{"name":"wp","href":"https:\/\/api.w.org\/{rel}","templated":true}]}}