{"id":772069,"date":"2024-04-05T13:21:13","date_gmt":"2024-04-05T13:21:13","guid":{"rendered":"https:\/\/dimensionturistica.com\/es\/?p=772069"},"modified":"2024-04-05T13:21:13","modified_gmt":"2024-04-05T13:21:13","slug":"explorando-la-region-de-caceres-elegida-por-carlos-v-como-su-retiro-imperial","status":"publish","type":"post","link":"https:\/\/dimensionturistica.com\/es\/explorando-la-region-de-caceres-elegida-por-carlos-v-como-su-retiro-imperial\/","title":{"rendered":"Explorando la regi\u00f3n de C\u00e1ceres elegida por Carlos V como su retiro imperial"},"content":{"rendered":"<p>En la regi\u00f3n de C\u00e1ceres, en pleno coraz\u00f3n de Extremadura, se encuentra un verdadero lugar de ensue\u00f1o que ha cautivado a viajeros y turistas por igual. Esta comarca, escogida por el emperador Carlos V como su retiro imperial, es un destino imperdible para quienes buscan sumergirse en la historia y la belleza de Espa\u00f1a.<\/p>\n<p>Desde impresionantes castillos y fortalezas hasta pintorescos pueblos medievales, la comarca de C\u00e1ceres ofrece una experiencia \u00fanica llena de encanto y tradici\u00f3n. Recorrer sus calles empedradas es como retroceder en el tiempo y sumergirse en un aut\u00e9ntico cuento de hadas.<\/p>\n<p>Uno de los lugares m\u00e1s destacados de la regi\u00f3n es el impresionante Palacio de los Golfines de Abajo, una verdadera joya arquitect\u00f3nica que ha sido testigo de siglos de historia. Sus elegantes salones y jardines te transportar\u00e1n a la \u00e9poca dorada de la nobleza espa\u00f1ola, ofreci\u00e9ndote una experiencia inolvidable.<\/p>\n<p>Otro punto de inter\u00e9s que no puedes perderte es el pueblo de Trujillo, cuna de conquistadores y lugar de nacimiento de figuras hist\u00f3ricas como Francisco Pizarro. Sus estrechas calles empedradas y sus impresionantes monumentos te dejar\u00e1n sin aliento, haci\u00e9ndote sentir como si estuvieras viviendo en un cuadro de El Greco.<\/p>\n<p>Adem\u00e1s, la comarca de C\u00e1ceres es un para\u00edso para los amantes de la naturaleza, con extensos bosques de robles y casta\u00f1os que invitan a disfrutar de largas caminatas y excursiones al aire libre. La observaci\u00f3n de aves y la pr\u00e1ctica de deportes como el senderismo y la equitaci\u00f3n son solo algunas de las actividades que podr\u00e1s disfrutar en este entorno \u00fanico.<\/p>\n<p>En resumen, la comarca de C\u00e1ceres es un destino m\u00e1gico que combina historia, cultura y naturaleza de una manera \u00fanica. Si est\u00e1s buscando un lugar para escapar del bullicio de la ciudad y sumergirte en la aut\u00e9ntica esencia de Espa\u00f1a, no puedes dejar de visitar este rinc\u00f3n especial que conquist\u00f3 el coraz\u00f3n del emperador Carlos V. \u00a1Prep\u00e1rate para vivir una experiencia inolvidable en la comarca de C\u00e1ceres!<\/p>\n<p><em> &#8221; Sources viajes.nationalgeographic.com.es &#8221; <\/em><\/p>\n<p><em> &#8221; Fuentes viajes.nationalgeographic.com.es &#8221; <\/em><\/p>\n","protected":false},"excerpt":{"rendered":"<p>En la regi\u00f3n de C\u00e1ceres, en pleno coraz\u00f3n de Extremadura, se encuentra un verdadero lugar de ensue\u00f1o que ha cautivado a viajeros y turistas por igual. Esta comarca, escogida por el emperador Carlos V como su retiro imperial, es un destino imperdible para quienes buscan sumergirse en la historia y la belleza de Espa\u00f1a. Desde [&hellip;]<\/p>\n","protected":false},"author":4,"featured_media":772070,"comment_status":"open","ping_status":"closed","sticky":false,"template":"","format":"standard","meta":{"om_disable_all_campaigns":false,"jnews-multi-image_gallery":[],"jnews_single_post":[],"jnews_primary_category":[],"jnews_social_meta":[],"footnotes":""},"categories":[39],"tags":[158947,710,158946,5683,6643,5686,2189,158948,681,545],"class_list":["post-772069","post","type-post","status-publish","format-standard","has-post-thumbnail","hentry","category-viajes","tag-carlos-v","tag-ciencia","tag-comarca-de-caceres","tag-geographic","tag-historia","tag-national","tag-naturaleza","tag-retiro-imperial","tag-viaje","tag-viajes"],"_links":{"self":[{"href":"https:\/\/dimensionturistica.com\/es\/wp-json\/wp\/v2\/posts\/772069","targetHints":{"allow":["GET"]}}],"collection":[{"href":"https:\/\/dimensionturistica.com\/es\/wp-json\/wp\/v2\/posts"}],"about":[{"href":"https:\/\/dimensionturistica.com\/es\/wp-json\/wp\/v2\/types\/post"}],"author":[{"embeddable":true,"href":"https:\/\/dimensionturistica.com\/es\/wp-json\/wp\/v2\/users\/4"}],"replies":[{"embeddable":true,"href":"https:\/\/dimensionturistica.com\/es\/wp-json\/wp\/v2\/comments?post=772069"}],"version-history":[{"count":0,"href":"https:\/\/dimensionturistica.com\/es\/wp-json\/wp\/v2\/posts\/772069\/revisions"}],"wp:featuredmedia":[{"embeddable":true,"href":"https:\/\/dimensionturistica.com\/es\/wp-json\/wp\/v2\/media\/772070"}],"wp:attachment":[{"href":"https:\/\/dimensionturistica.com\/es\/wp-json\/wp\/v2\/media?parent=772069"}],"wp:term":[{"taxonomy":"category","embeddable":true,"href":"https:\/\/dimensionturistica.com\/es\/wp-json\/wp\/v2\/categories?post=772069"},{"taxonomy":"post_tag","embeddable":true,"href":"https:\/\/dimensionturistica.com\/es\/wp-json\/wp\/v2\/tags?post=772069"}],"curies":[{"name":"wp","href":"https:\/\/api.w.org\/{rel}","templated":true}]}}