{"id":770087,"date":"2024-04-03T23:30:58","date_gmt":"2024-04-03T23:30:58","guid":{"rendered":"https:\/\/dimensionturistica.com\/es\/?p=770087"},"modified":"2024-04-03T23:30:58","modified_gmt":"2024-04-03T23:30:58","slug":"republica-dominicana-brilla-en-expo-comercial-en-miami-con-la-firma-de-41-acuerdos","status":"publish","type":"post","link":"https:\/\/dimensionturistica.com\/es\/republica-dominicana-brilla-en-expo-comercial-en-miami-con-la-firma-de-41-acuerdos\/","title":{"rendered":"Rep\u00fablica Dominicana brilla en Expo Comercial en Miami con la firma de 41 acuerdos"},"content":{"rendered":"<p>La Rep\u00fablica Dominicana protagoniza trade show en Miami con la firma de 41 acuerdos comerciales.<\/p>\n<p>La exuberante isla caribe\u00f1a de la Rep\u00fablica Dominicana ha sido el centro de atenci\u00f3n en un importante trade show en la ciudad de Miami, donde se han consolidado 41 acuerdos comerciales que prometen fortalecer la econom\u00eda y el turismo dominicano.<\/p>\n<p>Este evento ha sido un escaparate perfecto para exhibir las bondades que ofrece la Rep\u00fablica Dominicana como destino tur\u00edstico, con sus playas de aguas cristalinas, su rica cultura, su gastronom\u00eda deliciosa y la calidez de su gente. Los asistentes al trade show han quedado maravillados con todo lo que este pa\u00eds tiene para ofrecer, lo que ha generado un gran inter\u00e9s por parte de empresas y turistas que desean invertir y visitar este hermoso rinc\u00f3n del Caribe.<\/p>\n<p>La firma de estos acuerdos comerciales representa una oportunidad \u00fanica para el crecimiento y desarrollo de la Rep\u00fablica Dominicana, ya que permitir\u00e1 la expansi\u00f3n de negocios y la creaci\u00f3n de nuevas alianzas que beneficiar\u00e1n a ambos pa\u00edses. Adem\u00e1s, la creciente popularidad de la Rep\u00fablica Dominicana como destino tur\u00edstico ha llevado a un aumento en la demanda de vuelos y alojamientos, lo que augura un futuro prometedor para la industria tur\u00edstica dominicana.<\/p>\n<p>Sin duda, la Rep\u00fablica Dominicana se ha convertido en un destino tur\u00edstico de primer nivel, donde la belleza natural se combina con la hospitalidad y el encanto de su gente. Gracias a eventos como este trade show en Miami, se espera que la Rep\u00fablica Dominicana contin\u00fae creciendo y atrayendo a viajeros de todo el mundo que deseen vivir una experiencia inolvidable en el coraz\u00f3n del Caribe.<\/p>\n<p><em> &#8221; Sources lapropuestadigital.com &#8221; <\/em><\/p>\n<p><em> &#8221; Sources lapropuestadigital.com &#8221; <\/em><\/p>\n","protected":false},"excerpt":{"rendered":"<p>La Rep\u00fablica Dominicana protagoniza trade show en Miami con la firma de 41 acuerdos comerciales. La exuberante isla caribe\u00f1a de la Rep\u00fablica Dominicana ha sido el centro de atenci\u00f3n en un importante trade show en la ciudad de Miami, donde se han consolidado 41 acuerdos comerciales que prometen fortalecer la econom\u00eda y el turismo dominicano. [&hellip;]<\/p>\n","protected":false},"author":4,"featured_media":770088,"comment_status":"open","ping_status":"closed","sticky":false,"template":"","format":"standard","meta":{"om_disable_all_campaigns":false,"jnews-multi-image_gallery":[],"jnews_single_post":[],"jnews_primary_category":[],"jnews_social_meta":[],"footnotes":""},"categories":[40],"tags":[1067,2056,1430,158053],"class_list":["post-770087","post","type-post","status-publish","format-standard","has-post-thumbnail","hentry","category-industria","tag-acuerdos","tag-miami","tag-republica-dominicana","tag-tradeshow"],"_links":{"self":[{"href":"https:\/\/dimensionturistica.com\/es\/wp-json\/wp\/v2\/posts\/770087","targetHints":{"allow":["GET"]}}],"collection":[{"href":"https:\/\/dimensionturistica.com\/es\/wp-json\/wp\/v2\/posts"}],"about":[{"href":"https:\/\/dimensionturistica.com\/es\/wp-json\/wp\/v2\/types\/post"}],"author":[{"embeddable":true,"href":"https:\/\/dimensionturistica.com\/es\/wp-json\/wp\/v2\/users\/4"}],"replies":[{"embeddable":true,"href":"https:\/\/dimensionturistica.com\/es\/wp-json\/wp\/v2\/comments?post=770087"}],"version-history":[{"count":0,"href":"https:\/\/dimensionturistica.com\/es\/wp-json\/wp\/v2\/posts\/770087\/revisions"}],"wp:featuredmedia":[{"embeddable":true,"href":"https:\/\/dimensionturistica.com\/es\/wp-json\/wp\/v2\/media\/770088"}],"wp:attachment":[{"href":"https:\/\/dimensionturistica.com\/es\/wp-json\/wp\/v2\/media?parent=770087"}],"wp:term":[{"taxonomy":"category","embeddable":true,"href":"https:\/\/dimensionturistica.com\/es\/wp-json\/wp\/v2\/categories?post=770087"},{"taxonomy":"post_tag","embeddable":true,"href":"https:\/\/dimensionturistica.com\/es\/wp-json\/wp\/v2\/tags?post=770087"}],"curies":[{"name":"wp","href":"https:\/\/api.w.org\/{rel}","templated":true}]}}