{"id":768541,"date":"2024-04-02T14:49:00","date_gmt":"2024-04-02T14:49:00","guid":{"rendered":"https:\/\/dimensionturistica.com\/es\/?p=768541"},"modified":"2024-04-02T14:49:00","modified_gmt":"2024-04-02T14:49:00","slug":"nueva-alianza-de-colaboracion-entre-ryanair-y-esky-una-union-estrategica-para-optimizar-el-servicio-a-los-viajeros","status":"publish","type":"post","link":"https:\/\/dimensionturistica.com\/es\/nueva-alianza-de-colaboracion-entre-ryanair-y-esky-una-union-estrategica-para-optimizar-el-servicio-a-los-viajeros\/","title":{"rendered":"&#8211; Nueva alianza de colaboraci\u00f3n entre Ryanair y eSky: una uni\u00f3n estrat\u00e9gica para optimizar el servicio a los viajeros"},"content":{"rendered":"<p>Ryanair ampl\u00eda sus acuerdos con las OTA: eSky podr\u00e1 vender sus productos<\/p>\n<p>La popular aerol\u00ednea de bajo costo Ryanair sigue expandiendo sus horizontes y ahora ha firmado un acuerdo con la OTA eSky para vender sus productos. Esta alianza no solo beneficiar\u00e1 a ambas partes, sino que tambi\u00e9n ofrecer\u00e1 a los viajeros una mayor variedad de opciones a la hora de reservar sus vuelos.<\/p>\n<p>Con esta asociaci\u00f3n, los clientes de eSky podr\u00e1n acceder a las tarifas y rutas de Ryanair de una manera m\u00e1s sencilla y conveniente. Esto significa que tendr\u00e1n a su disposici\u00f3n una variedad de destinos y precios competitivos para planificar sus pr\u00f3ximas vacaciones.<\/p>\n<p>Adem\u00e1s, este acuerdo demuestra el compromiso de Ryanair por seguir fortaleciendo sus alianzas estrat\u00e9gicas con diferentes plataformas de reserva en l\u00ednea. De esta manera, la aerol\u00ednea busca facilitar el acceso a sus servicios y aumentar su alcance en el mercado de viajes.<\/p>\n<p>Para los amantes de los viajes, esta noticia representa una excelente oportunidad para conocer nuevos destinos y vivir experiencias \u00fanicas al mejor precio. Con la ampliaci\u00f3n de los acuerdos con las OTA, como eSky, planificar un viaje nunca ha sido tan f\u00e1cil y accesible.<\/p>\n<p>En resumen, la colaboraci\u00f3n entre Ryanair y eSky promete brindar beneficios para todos los involucrados. Desde la aerol\u00ednea y la plataforma de reserva hasta los propios viajeros, esta alianza es una excelente noticia que seguro har\u00e1 que m\u00e1s personas se animen a explorar el mundo. \u00a1No pierdas la oportunidad de disfrutar de los destinos que Ryanair tiene para ti! \u00a1A volar se ha dicho!<\/p>\n<p><em> &#8221; Sources www.hosteltur.com &#8221; <\/em><\/p>\n<p><em> &#8221; Sources www.hosteltur.com &#8221; <\/em><\/p>\n","protected":false},"excerpt":{"rendered":"<p>Ryanair ampl\u00eda sus acuerdos con las OTA: eSky podr\u00e1 vender sus productos La popular aerol\u00ednea de bajo costo Ryanair sigue expandiendo sus horizontes y ahora ha firmado un acuerdo con la OTA eSky para vender sus productos. Esta alianza no solo beneficiar\u00e1 a ambas partes, sino que tambi\u00e9n ofrecer\u00e1 a los viajeros una mayor variedad [&hellip;]<\/p>\n","protected":false},"author":4,"featured_media":768542,"comment_status":"open","ping_status":"closed","sticky":false,"template":"","format":"standard","meta":{"om_disable_all_campaigns":false,"jnews-multi-image_gallery":[],"jnews_single_post":[],"jnews_primary_category":[],"jnews_social_meta":[],"footnotes":""},"categories":[40],"tags":[783,4569,572,157247,76985,11515,7972],"class_list":["post-768541","post","type-post","status-publish","format-standard","has-post-thumbnail","hentry","category-industria","tag-agencias-de-viaje","tag-colaboracion","tag-distribucion","tag-esky","tag-nuevo-acuerdo","tag-ota","tag-ryanair"],"_links":{"self":[{"href":"https:\/\/dimensionturistica.com\/es\/wp-json\/wp\/v2\/posts\/768541","targetHints":{"allow":["GET"]}}],"collection":[{"href":"https:\/\/dimensionturistica.com\/es\/wp-json\/wp\/v2\/posts"}],"about":[{"href":"https:\/\/dimensionturistica.com\/es\/wp-json\/wp\/v2\/types\/post"}],"author":[{"embeddable":true,"href":"https:\/\/dimensionturistica.com\/es\/wp-json\/wp\/v2\/users\/4"}],"replies":[{"embeddable":true,"href":"https:\/\/dimensionturistica.com\/es\/wp-json\/wp\/v2\/comments?post=768541"}],"version-history":[{"count":0,"href":"https:\/\/dimensionturistica.com\/es\/wp-json\/wp\/v2\/posts\/768541\/revisions"}],"wp:featuredmedia":[{"embeddable":true,"href":"https:\/\/dimensionturistica.com\/es\/wp-json\/wp\/v2\/media\/768542"}],"wp:attachment":[{"href":"https:\/\/dimensionturistica.com\/es\/wp-json\/wp\/v2\/media?parent=768541"}],"wp:term":[{"taxonomy":"category","embeddable":true,"href":"https:\/\/dimensionturistica.com\/es\/wp-json\/wp\/v2\/categories?post=768541"},{"taxonomy":"post_tag","embeddable":true,"href":"https:\/\/dimensionturistica.com\/es\/wp-json\/wp\/v2\/tags?post=768541"}],"curies":[{"name":"wp","href":"https:\/\/api.w.org\/{rel}","templated":true}]}}