{"id":767747,"date":"2024-04-01T19:03:07","date_gmt":"2024-04-01T19:03:07","guid":{"rendered":"https:\/\/dimensionturistica.com\/es\/?p=767747"},"modified":"2024-04-01T19:03:07","modified_gmt":"2024-04-01T19:03:07","slug":"el-impacto-de-los-viajes-de-negocios-en-la-empresa","status":"publish","type":"post","link":"https:\/\/dimensionturistica.com\/es\/el-impacto-de-los-viajes-de-negocios-en-la-empresa\/","title":{"rendered":"El impacto de los viajes de negocios en la empresa"},"content":{"rendered":"<p>En la industria de los viajes corporativos, la reciente adquisici\u00f3n de CWT por parte de American Express Global Business Travel (AMEX GBT) ha causado revuelo y generado muchas expectativas sobre c\u00f3mo cambiar\u00e1 el panorama de los viajes de negocios en el futuro.<\/p>\n<p>Esta adquisici\u00f3n hist\u00f3rica ha posicionado a AMEX GBT como uno de los gigantes indiscutibles del sector, ofreciendo a sus clientes una amplia gama de servicios y tecnolog\u00eda de vanguardia para optimizar sus programas de viajes corporativos. Con esta uni\u00f3n, se espera que los clientes de ambas compa\u00f1\u00edas se beneficien de sinergias, mejoras en la experiencia del viajero y una mayor eficiencia en la gesti\u00f3n de sus desplazamientos.<\/p>\n<p>Una de las grandes inc\u00f3gnitas que surge tras esta adquisici\u00f3n es c\u00f3mo se ver\u00e1 impactada la competitividad en el mercado de los viajes corporativos. Con AMEX GBT fortaleciendo su presencia global y ampliando su base de clientes, es probable que veamos una mayor consolidaci\u00f3n en el sector y una mayor presi\u00f3n sobre otras compa\u00f1\u00edas para mantenerse a la altura de los nuevos est\u00e1ndares del mercado.<\/p>\n<p>Adem\u00e1s, esta adquisici\u00f3n tambi\u00e9n plantea interrogantes sobre el futuro de la industria de los viajes corporativos en un contexto post-pandemia. Con la reapertura gradual de las fronteras y la gradual recuperaci\u00f3n de la demanda de viajes de negocios, AMEX GBT se encuentra en una posici\u00f3n privilegiada para liderar la industria hacia una nueva era de innovaci\u00f3n y adaptaci\u00f3n a las necesidades cambiantes de los viajeros corporativos.<\/p>\n<p>En definitiva, la adquisici\u00f3n de CWT por parte de AMEX GBT marca un hito en la industria de los viajes corporativos y nos invita a reflexionar sobre los cambios y oportunidades que se avecinan en el futuro. Manteng\u00e1monos atentos a c\u00f3mo evoluciona esta uni\u00f3n y qu\u00e9 impacto tendr\u00e1 en la manera en que planificamos y disfrutamos de nuestros viajes de negocios. \u00a1El futuro de los viajes corporativos est\u00e1 m\u00e1s emocionante que nunca!<\/p>\n<p><em> &#8221; Sources www.ladevi.info &#8221; <\/em><\/p>\n<p><em> &#8221; Sources www.ladevi.info &#8221; <\/em><\/p>\n","protected":false},"excerpt":{"rendered":"<p>En la industria de los viajes corporativos, la reciente adquisici\u00f3n de CWT por parte de American Express Global Business Travel (AMEX GBT) ha causado revuelo y generado muchas expectativas sobre c\u00f3mo cambiar\u00e1 el panorama de los viajes de negocios en el futuro. Esta adquisici\u00f3n hist\u00f3rica ha posicionado a AMEX GBT como uno de los gigantes [&hellip;]<\/p>\n","protected":false},"author":4,"featured_media":767748,"comment_status":"open","ping_status":"closed","sticky":false,"template":"","format":"standard","meta":{"om_disable_all_campaigns":false,"jnews-multi-image_gallery":[],"jnews_single_post":[],"jnews_primary_category":[],"jnews_social_meta":[],"footnotes":""},"categories":[40],"tags":[1935,2182,2078],"class_list":["post-767747","post","type-post","status-publish","format-standard","has-post-thumbnail","hentry","category-industria","tag-negocios","tag-tendencias","tag-viajes-corporativos"],"_links":{"self":[{"href":"https:\/\/dimensionturistica.com\/es\/wp-json\/wp\/v2\/posts\/767747","targetHints":{"allow":["GET"]}}],"collection":[{"href":"https:\/\/dimensionturistica.com\/es\/wp-json\/wp\/v2\/posts"}],"about":[{"href":"https:\/\/dimensionturistica.com\/es\/wp-json\/wp\/v2\/types\/post"}],"author":[{"embeddable":true,"href":"https:\/\/dimensionturistica.com\/es\/wp-json\/wp\/v2\/users\/4"}],"replies":[{"embeddable":true,"href":"https:\/\/dimensionturistica.com\/es\/wp-json\/wp\/v2\/comments?post=767747"}],"version-history":[{"count":0,"href":"https:\/\/dimensionturistica.com\/es\/wp-json\/wp\/v2\/posts\/767747\/revisions"}],"wp:featuredmedia":[{"embeddable":true,"href":"https:\/\/dimensionturistica.com\/es\/wp-json\/wp\/v2\/media\/767748"}],"wp:attachment":[{"href":"https:\/\/dimensionturistica.com\/es\/wp-json\/wp\/v2\/media?parent=767747"}],"wp:term":[{"taxonomy":"category","embeddable":true,"href":"https:\/\/dimensionturistica.com\/es\/wp-json\/wp\/v2\/categories?post=767747"},{"taxonomy":"post_tag","embeddable":true,"href":"https:\/\/dimensionturistica.com\/es\/wp-json\/wp\/v2\/tags?post=767747"}],"curies":[{"name":"wp","href":"https:\/\/api.w.org\/{rel}","templated":true}]}}