{"id":766844,"date":"2024-03-31T15:54:27","date_gmt":"2024-03-31T15:54:27","guid":{"rendered":"https:\/\/dimensionturistica.com\/es\/?p=766844"},"modified":"2024-03-31T15:54:27","modified_gmt":"2024-03-31T15:54:27","slug":"dentro-de-la-cocina-con-el-chef-de-tyson-foods-thomas-wenrich-una-mirada-detras-de-escena","status":"publish","type":"post","link":"https:\/\/dimensionturistica.com\/es\/dentro-de-la-cocina-con-el-chef-de-tyson-foods-thomas-wenrich-una-mirada-detras-de-escena\/","title":{"rendered":"Dentro de la cocina con el chef de Tyson Foods, Thomas Wenrich: Una mirada detr\u00e1s de escena"},"content":{"rendered":"<p>Sum\u00e9rgete en una experiencia culinaria \u00fanica con el reconocido chef Thomas Wenrich de Tyson Foods. En esta exclusiva entrevista, nos adentramos en su fascinante mundo culinario y descubrimos los secretos detr\u00e1s de sus deliciosas creaciones.<\/p>\n<p>Chef Wenrich nos lleva de la mano a trav\u00e9s de su pasi\u00f3n por la cocina, destacando la importancia de utilizar ingredientes de alta calidad para lograr platos exquisitos. Con una vasta experiencia en la industria alimentaria, el chef comparte sus t\u00e9cnicas innovadoras y su creatividad en la elaboraci\u00f3n de recetas que deleitan los paladares de sus comensales.<\/p>\n<p>Adem\u00e1s de su dominio en la cocina, Wenrich nos sorprende con su compromiso con la sostenibilidad y el bienestar animal. En Tyson Foods, el chef se esfuerza por utilizar productos frescos y de origen \u00e9tico, promoviendo pr\u00e1cticas responsables que cuidan el planeta y aseguran la calidad de los alimentos.<\/p>\n<p>En esta entrevista, descubrimos la pasi\u00f3n y el talento que impulsan a Chef Wenrich a seguir innovando y sorprendiendo con sus creaciones culinarias. Su dedicaci\u00f3n a la excelencia y su visi\u00f3n \u00fanica sobre la gastronom\u00eda hacen de \u00e9l un referente en la industria culinaria, inspirando a futuras generaciones de chefs a seguir sus pasos.<\/p>\n<p>En definitiva, adentrarse en la cocina de Chef Thomas Wenrich es una experiencia enriquecedora que nos invita a explorar nuevos sabores, texturas y aromas. Su creatividad y pasi\u00f3n por la gastronom\u00eda nos cautivan y nos invitan a disfrutar de una experiencia culinaria inolvidable. \u00a1No te pierdas esta oportunidad \u00fanica de conocer al genio detr\u00e1s de Tyson Foods!<\/p>\n<p><em> &#8221; Sources talkbusiness.net &#8221; <\/em><\/p>\n","protected":false},"excerpt":{"rendered":"<p>Sum\u00e9rgete en una experiencia culinaria \u00fanica con el reconocido chef Thomas Wenrich de Tyson Foods. En esta exclusiva entrevista, nos adentramos en su fascinante mundo culinario y descubrimos los secretos detr\u00e1s de sus deliciosas creaciones. Chef Wenrich nos lleva de la mano a trav\u00e9s de su pasi\u00f3n por la cocina, destacando la importancia de utilizar [&hellip;]<\/p>\n","protected":false},"author":2,"featured_media":766845,"comment_status":"open","ping_status":"closed","sticky":false,"template":"","format":"standard","meta":{"om_disable_all_campaigns":false,"jnews-multi-image_gallery":[],"jnews_single_post":[],"jnews_primary_category":[],"jnews_social_meta":[],"footnotes":""},"categories":[43],"tags":[943,15440,15383,156566,926,97556],"class_list":["post-766844","post","type-post","status-publish","format-standard","has-post-thumbnail","hentry","category-gourmet","tag-chef","tag-inside","tag-kitchen","tag-thomas-wenrich","tag-tyson-foods","tag-tyson-foods-inc"],"_links":{"self":[{"href":"https:\/\/dimensionturistica.com\/es\/wp-json\/wp\/v2\/posts\/766844","targetHints":{"allow":["GET"]}}],"collection":[{"href":"https:\/\/dimensionturistica.com\/es\/wp-json\/wp\/v2\/posts"}],"about":[{"href":"https:\/\/dimensionturistica.com\/es\/wp-json\/wp\/v2\/types\/post"}],"author":[{"embeddable":true,"href":"https:\/\/dimensionturistica.com\/es\/wp-json\/wp\/v2\/users\/2"}],"replies":[{"embeddable":true,"href":"https:\/\/dimensionturistica.com\/es\/wp-json\/wp\/v2\/comments?post=766844"}],"version-history":[{"count":0,"href":"https:\/\/dimensionturistica.com\/es\/wp-json\/wp\/v2\/posts\/766844\/revisions"}],"wp:featuredmedia":[{"embeddable":true,"href":"https:\/\/dimensionturistica.com\/es\/wp-json\/wp\/v2\/media\/766845"}],"wp:attachment":[{"href":"https:\/\/dimensionturistica.com\/es\/wp-json\/wp\/v2\/media?parent=766844"}],"wp:term":[{"taxonomy":"category","embeddable":true,"href":"https:\/\/dimensionturistica.com\/es\/wp-json\/wp\/v2\/categories?post=766844"},{"taxonomy":"post_tag","embeddable":true,"href":"https:\/\/dimensionturistica.com\/es\/wp-json\/wp\/v2\/tags?post=766844"}],"curies":[{"name":"wp","href":"https:\/\/api.w.org\/{rel}","templated":true}]}}