{"id":766633,"date":"2024-03-31T06:57:00","date_gmt":"2024-03-31T06:57:00","guid":{"rendered":"https:\/\/dimensionturistica.com\/es\/?p=766633"},"modified":"2024-03-31T06:57:00","modified_gmt":"2024-03-31T06:57:00","slug":"descubre-las-mejores-opciones-para-viajar-este-verano","status":"publish","type":"post","link":"https:\/\/dimensionturistica.com\/es\/descubre-las-mejores-opciones-para-viajar-este-verano\/","title":{"rendered":"Descubre las mejores opciones para viajar este verano"},"content":{"rendered":"<p>\u00bfEst\u00e1s buscando inspiraci\u00f3n para planear tus vacaciones de verano? \u00a1No busques m\u00e1s! Te traemos una lista de destinos imperdibles que te har\u00e1n querer hacer las maletas y salir de casa en cuanto sea posible.<\/p>\n<p>Si lo tuyo es la playa, no puedes perderte las espectaculares playas de Menorca, con sus impresionantes aguas cristalinas y arenas blancas. O si prefieres un destino un poco m\u00e1s ex\u00f3tico, la isla de Bali en Indonesia te espera con sus paisajes de ensue\u00f1o y su cultura \u00fanica.<\/p>\n<p>Pero si lo tuyo es la aventura, \u00bfpor qu\u00e9 no visitar Islandia? Un destino lleno de paisajes impresionantes, cascadas, glaciares y volcanes que te dejar\u00e1n sin aliento. O si lo tuyo es la historia y la arquitectura, la ciudad de Praga en la Rep\u00fablica Checa es el destino ideal para ti, con su encantador casco antiguo y su imponente castillo.<\/p>\n<p>Y si lo que buscas es un destino m\u00e1s cercano, no puedes dejar de visitar la hermosa ciudad de Barcelona en Espa\u00f1a, con su combinaci\u00f3n \u00fanica de playa, arquitectura modernista, gastronom\u00eda deliciosa y un ambiente vibrante que te atrapar\u00e1 desde el primer momento.<\/p>\n<p>As\u00ed que ya lo sabes, este verano no dejes pasar la oportunidad de explorar nuevos destinos y vivir experiencias inolvidables. \u00a1Haz las maletas y prep\u00e1rate para disfrutar de unas vacaciones inolvidables!<\/p>\n<p><em> &#8221; Sources www.merca2.es &#8221; <\/em><\/p>\n<p><em> &#8221; Fuentes www.merca2.es &#8221; <\/em><\/p>\n","protected":false},"excerpt":{"rendered":"<p>\u00bfEst\u00e1s buscando inspiraci\u00f3n para planear tus vacaciones de verano? \u00a1No busques m\u00e1s! Te traemos una lista de destinos imperdibles que te har\u00e1n querer hacer las maletas y salir de casa en cuanto sea posible. Si lo tuyo es la playa, no puedes perderte las espectaculares playas de Menorca, con sus impresionantes aguas cristalinas y arenas [&hellip;]<\/p>\n","protected":false},"author":4,"featured_media":766634,"comment_status":"open","ping_status":"closed","sticky":false,"template":"","format":"standard","meta":{"om_disable_all_campaigns":false,"jnews-multi-image_gallery":[],"jnews_single_post":[],"jnews_primary_category":[],"jnews_social_meta":[],"footnotes":""},"categories":[39],"tags":[1228,1861,2873,545],"class_list":["post-766633","post","type-post","status-publish","format-standard","has-post-thumbnail","hentry","category-viajes","tag-destinos","tag-vacaciones","tag-verano","tag-viajes"],"_links":{"self":[{"href":"https:\/\/dimensionturistica.com\/es\/wp-json\/wp\/v2\/posts\/766633","targetHints":{"allow":["GET"]}}],"collection":[{"href":"https:\/\/dimensionturistica.com\/es\/wp-json\/wp\/v2\/posts"}],"about":[{"href":"https:\/\/dimensionturistica.com\/es\/wp-json\/wp\/v2\/types\/post"}],"author":[{"embeddable":true,"href":"https:\/\/dimensionturistica.com\/es\/wp-json\/wp\/v2\/users\/4"}],"replies":[{"embeddable":true,"href":"https:\/\/dimensionturistica.com\/es\/wp-json\/wp\/v2\/comments?post=766633"}],"version-history":[{"count":0,"href":"https:\/\/dimensionturistica.com\/es\/wp-json\/wp\/v2\/posts\/766633\/revisions"}],"wp:featuredmedia":[{"embeddable":true,"href":"https:\/\/dimensionturistica.com\/es\/wp-json\/wp\/v2\/media\/766634"}],"wp:attachment":[{"href":"https:\/\/dimensionturistica.com\/es\/wp-json\/wp\/v2\/media?parent=766633"}],"wp:term":[{"taxonomy":"category","embeddable":true,"href":"https:\/\/dimensionturistica.com\/es\/wp-json\/wp\/v2\/categories?post=766633"},{"taxonomy":"post_tag","embeddable":true,"href":"https:\/\/dimensionturistica.com\/es\/wp-json\/wp\/v2\/tags?post=766633"}],"curies":[{"name":"wp","href":"https:\/\/api.w.org\/{rel}","templated":true}]}}