{"id":765673,"date":"2024-03-29T20:11:34","date_gmt":"2024-03-29T20:11:34","guid":{"rendered":"https:\/\/dimensionturistica.com\/es\/?p=765673"},"modified":"2024-03-29T20:11:34","modified_gmt":"2024-03-29T20:11:34","slug":"ryanair-establece-alianza-con-la-agencia-de-viajes-logitravel","status":"publish","type":"post","link":"https:\/\/dimensionturistica.com\/es\/ryanair-establece-alianza-con-la-agencia-de-viajes-logitravel\/","title":{"rendered":"Ryanair establece alianza con la agencia de viajes Logitravel"},"content":{"rendered":"<p>Ryanair, una de las aerol\u00edneas de bajo costo m\u00e1s grandes de Europa, recientemente se asoci\u00f3 con la agencia de viajes Logitravel para ofrecer a los viajeros una experiencia \u00fanica y conveniente al momento de planificar sus vacaciones.<\/p>\n<p>Con esta asociaci\u00f3n, los clientes de Logitravel podr\u00e1n reservar vuelos de Ryanair directamente a trav\u00e9s de su plataforma en l\u00ednea, aprovechando los precios competitivos y la amplia red de destinos que esta aerol\u00ednea ofrece. Esto significa que los viajeros podr\u00e1n disfrutar de la comodidad de elegir y reservar su vuelo al mismo tiempo que reservan su alojamiento, traslados y actividades en un solo lugar.<\/p>\n<p>Adem\u00e1s, gracias a esta alianza, los clientes de Logitravel tambi\u00e9n se beneficiar\u00e1n de ofertas exclusivas y promociones especiales que estar\u00e1n disponibles solo para aquellos que reserven vuelos de Ryanair a trav\u00e9s de la agencia de viajes. Esto sin duda representa una gran oportunidad para quienes buscan ahorrar dinero en sus vacaciones y disfrutar de una experiencia de viaje inolvidable.<\/p>\n<p>Ryanair es conocida por sus tarifas econ\u00f3micas y su amplia cobertura en destinos en toda Europa, lo que la convierte en una opci\u00f3n popular entre los viajeros que buscan explorar nuevos lugares sin gastar una fortuna. Ahora, con su asociaci\u00f3n con Logitravel, esta aerol\u00ednea se vuelve a\u00fan m\u00e1s accesible para aquellos que desean viajar de manera c\u00f3moda y econ\u00f3mica.<\/p>\n<p>En resumen, la asociaci\u00f3n entre Ryanair y Logitravel promete brindar a los viajeros una experiencia m\u00e1s completa y conveniente al momento de planificar sus vacaciones. Con ofertas exclusivas, precios competitivos y una amplia gama de destinos, esta alianza sin duda ser\u00e1 bien recibida por aquellos que buscan explorar el mundo sin comprometer su presupuesto. \u00a1No pierdas la oportunidad de reservar tu pr\u00f3ximo vuelo con Ryanair a trav\u00e9s de Logitravel y vivir una aventura inolvidable!<\/p>\n<p><em> &#8221; Sources a21.com.mx &#8221; <\/em><\/p>\n<p><em> &#8221; Sources a21.com.mx &#8221; <\/em><\/p>\n","protected":false},"excerpt":{"rendered":"<p>Ryanair, una de las aerol\u00edneas de bajo costo m\u00e1s grandes de Europa, recientemente se asoci\u00f3 con la agencia de viajes Logitravel para ofrecer a los viajeros una experiencia \u00fanica y conveniente al momento de planificar sus vacaciones. Con esta asociaci\u00f3n, los clientes de Logitravel podr\u00e1n reservar vuelos de Ryanair directamente a trav\u00e9s de su plataforma [&hellip;]<\/p>\n","protected":false},"author":4,"featured_media":750801,"comment_status":"open","ping_status":"closed","sticky":false,"template":"","format":"standard","meta":{"om_disable_all_campaigns":false,"jnews-multi-image_gallery":[],"jnews_single_post":[],"jnews_primary_category":[],"jnews_social_meta":[],"footnotes":""},"categories":[40],"tags":[1181,2657,18124,7972],"class_list":["post-765673","post","type-post","status-publish","format-standard","has-post-thumbnail","hentry","category-industria","tag-agencia-de-viajes","tag-asociacion","tag-logitravel","tag-ryanair"],"_links":{"self":[{"href":"https:\/\/dimensionturistica.com\/es\/wp-json\/wp\/v2\/posts\/765673","targetHints":{"allow":["GET"]}}],"collection":[{"href":"https:\/\/dimensionturistica.com\/es\/wp-json\/wp\/v2\/posts"}],"about":[{"href":"https:\/\/dimensionturistica.com\/es\/wp-json\/wp\/v2\/types\/post"}],"author":[{"embeddable":true,"href":"https:\/\/dimensionturistica.com\/es\/wp-json\/wp\/v2\/users\/4"}],"replies":[{"embeddable":true,"href":"https:\/\/dimensionturistica.com\/es\/wp-json\/wp\/v2\/comments?post=765673"}],"version-history":[{"count":0,"href":"https:\/\/dimensionturistica.com\/es\/wp-json\/wp\/v2\/posts\/765673\/revisions"}],"wp:featuredmedia":[{"embeddable":true,"href":"https:\/\/dimensionturistica.com\/es\/wp-json\/wp\/v2\/media\/750801"}],"wp:attachment":[{"href":"https:\/\/dimensionturistica.com\/es\/wp-json\/wp\/v2\/media?parent=765673"}],"wp:term":[{"taxonomy":"category","embeddable":true,"href":"https:\/\/dimensionturistica.com\/es\/wp-json\/wp\/v2\/categories?post=765673"},{"taxonomy":"post_tag","embeddable":true,"href":"https:\/\/dimensionturistica.com\/es\/wp-json\/wp\/v2\/tags?post=765673"}],"curies":[{"name":"wp","href":"https:\/\/api.w.org\/{rel}","templated":true}]}}