{"id":762648,"date":"2024-03-26T19:16:17","date_gmt":"2024-03-26T19:16:17","guid":{"rendered":"https:\/\/dimensionturistica.com\/es\/?p=762648"},"modified":"2024-03-26T19:16:17","modified_gmt":"2024-03-26T19:16:17","slug":"reclamos-de-las-empresas-de-turismo-por-su-exclusion-de-la-cuenta-consumo","status":"publish","type":"post","link":"https:\/\/dimensionturistica.com\/es\/reclamos-de-las-empresas-de-turismo-por-su-exclusion-de-la-cuenta-consumo\/","title":{"rendered":"Reclamos de las empresas de turismo por su exclusi\u00f3n de la Cuenta Consumo."},"content":{"rendered":"<p>El mundo de los viajes ha sido uno de los m\u00e1s afectados por la crisis sanitaria que estamos atravesando. Las agencias de viajes se han visto en la necesidad de adaptarse constantemente a las restricciones y cambios en las medidas de seguridad, lo que ha generado una gran incertidumbre en el sector.<\/p>\n<p>Recientemente, en Palencia, un grupo de agencias de viajes ha protestado por el hecho de tener que quedar a cuenta del consumo de sus clientes. Esta medida ha generado controversia entre los empresarios del sector, quienes consideran que se trata de una situaci\u00f3n injusta y que pone en riesgo la viabilidad de sus negocios.<\/p>\n<p>Es comprensible que las agencias de viajes se sientan frustradas por tener que asumir costos en nombre de sus clientes, especialmente en un momento tan delicado como el que estamos viviendo. Sin embargo, es importante recordar que estamos todos juntos en esta situaci\u00f3n y que la colaboraci\u00f3n y solidaridad son fundamentales para salir adelante.<\/p>\n<p>Las agencias de viajes desempe\u00f1an un papel crucial en la industria del turismo, facilitando la planificaci\u00f3n y organizaci\u00f3n de viajes tanto a nivel nacional como internacional. Su trabajo es fundamental para garantizar que los viajeros disfruten de una experiencia segura y placentera, y es importante que se reconozca su labor y se les brinde el apoyo necesario para sobrellevar estos tiempos dif\u00edciles.<\/p>\n<p>Esperamos que las autoridades tomen en consideraci\u00f3n las preocupaciones de las agencias de viajes y busquen soluciones que permitan a estos empresarios seguir adelante con sus negocios. La industria del turismo es un pilar fundamental de nuestra econom\u00eda y es crucial que se le brinde el apoyo necesario para su recuperaci\u00f3n.<\/p>\n<p>En tiempos de incertidumbre y cambios constantes, es importante mantener una actitud positiva y buscar soluciones colaborativas que nos permitan superar juntos los desaf\u00edos que se nos presentan. Confiamos en que, con trabajo en equipo y compromiso, saldremos fortalecidos de esta crisis y podremos disfrutar nuevamente de la maravilla de viajar.<\/p>\n<p>Fuente: https:\/\/www.elnortedecastilla.es\/palencia\/agencias-viajes-protestan-quedar-cuenta-consumo-20240326182033-nt_amp.html<\/p>\n<p><em> &#8221; Sources www.elnortedecastilla.es &#8221; <\/em><\/p>\n<p><em> &#8221; Fuentes www.elnortedecastilla.es &#8221; <\/em><\/p>\n","protected":false},"excerpt":{"rendered":"<p>El mundo de los viajes ha sido uno de los m\u00e1s afectados por la crisis sanitaria que estamos atravesando. Las agencias de viajes se han visto en la necesidad de adaptarse constantemente a las restricciones y cambios en las medidas de seguridad, lo que ha generado una gran incertidumbre en el sector. Recientemente, en Palencia, [&hellip;]<\/p>\n","protected":false},"author":4,"featured_media":762650,"comment_status":"open","ping_status":"closed","sticky":false,"template":"","format":"standard","meta":{"om_disable_all_campaigns":false,"jnews-multi-image_gallery":[],"jnews_single_post":[],"jnews_primary_category":[],"jnews_social_meta":[],"footnotes":""},"categories":[39],"tags":[1161,569,954,13927,154506,4734,8055,2806,545],"class_list":["post-762648","post","type-post","status-publish","format-standard","has-post-thumbnail","hentry","category-viajes","tag-agencias","tag-agencias-de-viajes","tag-consumo","tag-cuenta","tag-cuenta-consumo","tag-protesta","tag-protestan","tag-quedar","tag-viajes"],"_links":{"self":[{"href":"https:\/\/dimensionturistica.com\/es\/wp-json\/wp\/v2\/posts\/762648","targetHints":{"allow":["GET"]}}],"collection":[{"href":"https:\/\/dimensionturistica.com\/es\/wp-json\/wp\/v2\/posts"}],"about":[{"href":"https:\/\/dimensionturistica.com\/es\/wp-json\/wp\/v2\/types\/post"}],"author":[{"embeddable":true,"href":"https:\/\/dimensionturistica.com\/es\/wp-json\/wp\/v2\/users\/4"}],"replies":[{"embeddable":true,"href":"https:\/\/dimensionturistica.com\/es\/wp-json\/wp\/v2\/comments?post=762648"}],"version-history":[{"count":0,"href":"https:\/\/dimensionturistica.com\/es\/wp-json\/wp\/v2\/posts\/762648\/revisions"}],"wp:featuredmedia":[{"embeddable":true,"href":"https:\/\/dimensionturistica.com\/es\/wp-json\/wp\/v2\/media\/762650"}],"wp:attachment":[{"href":"https:\/\/dimensionturistica.com\/es\/wp-json\/wp\/v2\/media?parent=762648"}],"wp:term":[{"taxonomy":"category","embeddable":true,"href":"https:\/\/dimensionturistica.com\/es\/wp-json\/wp\/v2\/categories?post=762648"},{"taxonomy":"post_tag","embeddable":true,"href":"https:\/\/dimensionturistica.com\/es\/wp-json\/wp\/v2\/tags?post=762648"}],"curies":[{"name":"wp","href":"https:\/\/api.w.org\/{rel}","templated":true}]}}