{"id":762295,"date":"2024-03-26T13:58:57","date_gmt":"2024-03-26T13:58:57","guid":{"rendered":"https:\/\/dimensionturistica.com\/es\/?p=762295"},"modified":"2024-03-26T13:58:57","modified_gmt":"2024-03-26T13:58:57","slug":"aumenta-en-un-15-el-numero-de-espanoles-que-viajan-con-paquete-turistico-en-2023-alcanzando-los-63-millones-de-viajes","status":"publish","type":"post","link":"https:\/\/dimensionturistica.com\/es\/aumenta-en-un-15-el-numero-de-espanoles-que-viajan-con-paquete-turistico-en-2023-alcanzando-los-63-millones-de-viajes\/","title":{"rendered":"Aumenta en un 15% el n\u00famero de espa\u00f1oles que viajan con paquete tur\u00edstico en 2023, alcanzando los 6,3 millones de viajes."},"content":{"rendered":"<p>El turismo sigue siendo uno de los sectores m\u00e1s importantes y din\u00e1micos de la econom\u00eda, y Espa\u00f1a sigue siendo uno de los destinos preferidos por los viajeros. Seg\u00fan los datos m\u00e1s recientes, el n\u00famero de viajes de ciudadanos espa\u00f1oles con paquete tur\u00edstico aument\u00f3 un 15% en 2023, alcanzando la impresionante cifra de 63 millones de viajes.<\/p>\n<p>Este incremento en el turismo empaquetado refleja la creciente confianza de los viajeros en la comodidad y seguridad que ofrecen este tipo de paquetes. Adem\u00e1s, esta modalidad de viaje permite a los turistas disfrutar de una planificaci\u00f3n m\u00e1s sencilla, con todos los detalles organizados de antemano, desde el alojamiento hasta las actividades incluidas.<\/p>\n<p>Espa\u00f1a tiene mucho que ofrecer a los viajeros, desde las impresionantes playas de la Costa del Sol hasta las majestuosas ciudades hist\u00f3ricas como Toledo o Sevilla. La diversidad cultural del pa\u00eds, su rica gastronom\u00eda y su c\u00e1lido clima hacen de Espa\u00f1a un destino perfecto para todo tipo de viajeros, desde parejas en busca de una escapada rom\u00e1ntica hasta familias que buscan unas vacaciones llenas de diversi\u00f3n.<\/p>\n<p>Adem\u00e1s, el crecimiento del turismo empaquetado tambi\u00e9n beneficia a la econom\u00eda local, ya que impulsa el consumo en hoteles, restaurantes, tiendas y otros negocios relacionados con el sector tur\u00edstico. Esto se traduce en m\u00e1s empleo y oportunidades para las comunidades locales, lo que contribuye al desarrollo econ\u00f3mico del pa\u00eds.<\/p>\n<p>En resumen, el aumento en el n\u00famero de viajes de ciudadanos espa\u00f1oles con paquete tur\u00edstico en 2023 es una excelente noticia para el sector tur\u00edstico y para el pa\u00eds en general. Espa\u00f1a sigue siendo un destino atractivo y vers\u00e1til que no deja de sorprender a sus visitantes, y el turismo empaquetado se consolida como una opci\u00f3n cada vez m\u00e1s popular y conveniente para disfrutar de todo lo que este hermoso pa\u00eds tiene para ofrecer. \u00a1No esperes m\u00e1s y planifica tu pr\u00f3xima escapada a Espa\u00f1a con un paquete tur\u00edstico!<\/p>\n<p><em> &#8221; Sources www.europapress.es &#8221; <\/em><\/p>\n<p><em> &#8221; Fuentes www.europapress.es &#8221; <\/em><\/p>\n","protected":false},"excerpt":{"rendered":"<p>El turismo sigue siendo uno de los sectores m\u00e1s importantes y din\u00e1micos de la econom\u00eda, y Espa\u00f1a sigue siendo uno de los destinos preferidos por los viajeros. Seg\u00fan los datos m\u00e1s recientes, el n\u00famero de viajes de ciudadanos espa\u00f1oles con paquete tur\u00edstico aument\u00f3 un 15% en 2023, alcanzando la impresionante cifra de 63 millones de [&hellip;]<\/p>\n","protected":false},"author":4,"featured_media":762296,"comment_status":"open","ping_status":"closed","sticky":false,"template":"","format":"standard","meta":{"om_disable_all_campaigns":false,"jnews-multi-image_gallery":[],"jnews_single_post":[],"jnews_primary_category":[],"jnews_social_meta":[],"footnotes":""},"categories":[39],"tags":[154653,13282,154652,62295,685],"class_list":["post-762295","post","type-post","status-publish","format-standard","has-post-thumbnail","hentry","category-viajes","tag-15-growth","tag-13282","tag-package-tour","tag-spanish","tag-travel"],"_links":{"self":[{"href":"https:\/\/dimensionturistica.com\/es\/wp-json\/wp\/v2\/posts\/762295","targetHints":{"allow":["GET"]}}],"collection":[{"href":"https:\/\/dimensionturistica.com\/es\/wp-json\/wp\/v2\/posts"}],"about":[{"href":"https:\/\/dimensionturistica.com\/es\/wp-json\/wp\/v2\/types\/post"}],"author":[{"embeddable":true,"href":"https:\/\/dimensionturistica.com\/es\/wp-json\/wp\/v2\/users\/4"}],"replies":[{"embeddable":true,"href":"https:\/\/dimensionturistica.com\/es\/wp-json\/wp\/v2\/comments?post=762295"}],"version-history":[{"count":0,"href":"https:\/\/dimensionturistica.com\/es\/wp-json\/wp\/v2\/posts\/762295\/revisions"}],"wp:featuredmedia":[{"embeddable":true,"href":"https:\/\/dimensionturistica.com\/es\/wp-json\/wp\/v2\/media\/762296"}],"wp:attachment":[{"href":"https:\/\/dimensionturistica.com\/es\/wp-json\/wp\/v2\/media?parent=762295"}],"wp:term":[{"taxonomy":"category","embeddable":true,"href":"https:\/\/dimensionturistica.com\/es\/wp-json\/wp\/v2\/categories?post=762295"},{"taxonomy":"post_tag","embeddable":true,"href":"https:\/\/dimensionturistica.com\/es\/wp-json\/wp\/v2\/tags?post=762295"}],"curies":[{"name":"wp","href":"https:\/\/api.w.org\/{rel}","templated":true}]}}