{"id":760750,"date":"2024-03-24T13:37:26","date_gmt":"2024-03-24T13:37:26","guid":{"rendered":"https:\/\/dimensionturistica.com\/es\/?p=760750"},"modified":"2024-03-24T13:37:26","modified_gmt":"2024-03-24T13:37:26","slug":"el-aumento-de-las-reservas-de-vacaciones-en-semana-santa-a-comparacion-del-ano-pasado-es-del-10","status":"publish","type":"post","link":"https:\/\/dimensionturistica.com\/es\/el-aumento-de-las-reservas-de-vacaciones-en-semana-santa-a-comparacion-del-ano-pasado-es-del-10\/","title":{"rendered":"El aumento de las reservas de vacaciones en Semana Santa a comparaci\u00f3n del a\u00f1o pasado es del 10%"},"content":{"rendered":"<p>La Semana Santa se acerca y las expectativas para el turismo en Espa\u00f1a son m\u00e1s que optimistas. Seg\u00fan datos recientes, las reservas de viajes para esta temporada han experimentado un incremento del 10% con respecto al a\u00f1o anterior. Esto significa que m\u00e1s personas est\u00e1n planeando escaparse durante esta \u00e9poca del a\u00f1o para disfrutar de merecidas vacaciones.<\/p>\n<p>Pero, \u00bfcu\u00e1l es el secreto detr\u00e1s de este aumento en las reservas? Sin duda, la recuperaci\u00f3n econ\u00f3mica que est\u00e1 experimentando el pa\u00eds es un factor fundamental. Despu\u00e9s de un per\u00edodo de incertidumbre y restricciones debido a la pandemia, los espa\u00f1oles est\u00e1n ansiosos por volver a viajar y disfrutar de todo lo que su pa\u00eds tiene para ofrecer.<\/p>\n<p>Adem\u00e1s, la variedad de destinos tur\u00edsticos que ofrece Espa\u00f1a es inigualable. Desde las playas paradis\u00edacas de las Islas Baleares hasta los pintorescos pueblos de la sierra andaluza, hay opciones para todos los gustos y presupuestos. Ya sea que prefieras relajarte en un resort de lujo o explorar la cultura y la historia de una ciudad antigua, hay algo para todos en Espa\u00f1a.<\/p>\n<p>Adem\u00e1s, la Semana Santa es una \u00e9poca especial en Espa\u00f1a, llena de tradiciones y celebraciones religiosas que atraen a turistas de todas partes del mundo. Desde las impresionantes procesiones en Sevilla hasta las festividades en peque\u00f1os pueblos de la costa, hay algo m\u00e1gico en el aire durante esta temporada.<\/p>\n<p>As\u00ed que, si est\u00e1s pensando en hacer una escapada durante la Semana Santa, no lo pienses m\u00e1s y haz tu reserva cuanto antes. Espa\u00f1a te espera con los brazos abiertos, lista para mostrarte todo lo que tiene para ofrecer. \u00a1No te arrepentir\u00e1s! \u00a1Felices vacaciones!<\/p>\n<p><em> &#8221; Sources okdiario.com &#8221; <\/em><\/p>\n<p><em> &#8221; Sources okdiario.com &#8221; <\/em><\/p>\n","protected":false},"excerpt":{"rendered":"<p>La Semana Santa se acerca y las expectativas para el turismo en Espa\u00f1a son m\u00e1s que optimistas. Seg\u00fan datos recientes, las reservas de viajes para esta temporada han experimentado un incremento del 10% con respecto al a\u00f1o anterior. Esto significa que m\u00e1s personas est\u00e1n planeando escaparse durante esta \u00e9poca del a\u00f1o para disfrutar de merecidas [&hellip;]<\/p>\n","protected":false},"author":4,"featured_media":760751,"comment_status":"open","ping_status":"closed","sticky":false,"template":"","format":"standard","meta":{"om_disable_all_campaigns":false,"jnews-multi-image_gallery":[],"jnews_single_post":[],"jnews_primary_category":[],"jnews_social_meta":[],"footnotes":""},"categories":[40],"tags":[13282,7315,1865,2946,545],"class_list":["post-760750","post","type-post","status-publish","format-standard","has-post-thumbnail","hentry","category-industria","tag-13282","tag-crecimiento","tag-reservas","tag-semana-santa","tag-viajes"],"_links":{"self":[{"href":"https:\/\/dimensionturistica.com\/es\/wp-json\/wp\/v2\/posts\/760750","targetHints":{"allow":["GET"]}}],"collection":[{"href":"https:\/\/dimensionturistica.com\/es\/wp-json\/wp\/v2\/posts"}],"about":[{"href":"https:\/\/dimensionturistica.com\/es\/wp-json\/wp\/v2\/types\/post"}],"author":[{"embeddable":true,"href":"https:\/\/dimensionturistica.com\/es\/wp-json\/wp\/v2\/users\/4"}],"replies":[{"embeddable":true,"href":"https:\/\/dimensionturistica.com\/es\/wp-json\/wp\/v2\/comments?post=760750"}],"version-history":[{"count":0,"href":"https:\/\/dimensionturistica.com\/es\/wp-json\/wp\/v2\/posts\/760750\/revisions"}],"wp:featuredmedia":[{"embeddable":true,"href":"https:\/\/dimensionturistica.com\/es\/wp-json\/wp\/v2\/media\/760751"}],"wp:attachment":[{"href":"https:\/\/dimensionturistica.com\/es\/wp-json\/wp\/v2\/media?parent=760750"}],"wp:term":[{"taxonomy":"category","embeddable":true,"href":"https:\/\/dimensionturistica.com\/es\/wp-json\/wp\/v2\/categories?post=760750"},{"taxonomy":"post_tag","embeddable":true,"href":"https:\/\/dimensionturistica.com\/es\/wp-json\/wp\/v2\/tags?post=760750"}],"curies":[{"name":"wp","href":"https:\/\/api.w.org\/{rel}","templated":true}]}}