{"id":760732,"date":"2024-03-24T12:43:51","date_gmt":"2024-03-24T12:43:51","guid":{"rendered":"https:\/\/dimensionturistica.com\/es\/?p=760732"},"modified":"2024-03-24T12:43:51","modified_gmt":"2024-03-24T12:43:51","slug":"el-ministro-hackett-inicia-mision-comercial-agroalimentaria-en-los-estados-unidos","status":"publish","type":"post","link":"https:\/\/dimensionturistica.com\/es\/el-ministro-hackett-inicia-mision-comercial-agroalimentaria-en-los-estados-unidos\/","title":{"rendered":"El Ministro Hackett inicia misi\u00f3n comercial agroalimentaria en los Estados Unidos."},"content":{"rendered":"<p>El sector agroalimentario de Irlanda se encuentra en constante crecimiento y expansi\u00f3n, y el ministro de Agricultura, Charlie Hackett, ha comenzado una misi\u00f3n comercial en Estados Unidos para promover y fortalecer a\u00fan m\u00e1s las relaciones comerciales entre ambos pa\u00edses.<\/p>\n<p>Esta misi\u00f3n se centra en destacar la calidad y la diversidad de los productos agroalimentarios irlandeses, as\u00ed como en explorar nuevas oportunidades de negocios en el mercado estadounidense. Con reuniones programadas con importantes figuras de la industria agroalimentaria en Estados Unidos, el ministro Hackett se encuentra trabajando arduamente para fomentar el comercio bilateral y fortalecer la posici\u00f3n de Irlanda como un proveedor confiable de alimentos de alta calidad.<\/p>\n<p>Irlanda es conocida por su agricultura sostenible y la producci\u00f3n de alimentos de primera calidad, desde la carne de res y cordero hasta los productos l\u00e1cteos y los mariscos frescos. La demanda de estos productos de calidad en el mercado estadounidense sigue creciendo, por lo que esta misi\u00f3n comercial es una oportunidad \u00fanica para mostrar al mundo lo que Irlanda tiene para ofrecer.<\/p>\n<p>Adem\u00e1s de promover los productos irlandeses, el ministro Hackett tambi\u00e9n est\u00e1 trabajando en fortalecer la colaboraci\u00f3n en materia de investigaci\u00f3n y desarrollo, as\u00ed como en promover la innovaci\u00f3n en el sector agroalimentario. Estas iniciativas tienen como objetivo no solo incrementar las exportaciones, sino tambi\u00e9n fomentar la sustentabilidad y el crecimiento a largo plazo de la industria agroalimentaria en Irlanda.<\/p>\n<p>En resumen, la misi\u00f3n comercial del ministro Hackett en Estados Unidos est\u00e1 generando entusiasmo y expectativas en el sector agroalimentario de Irlanda. Con un enfoque en la calidad, la sostenibilidad y la innovaci\u00f3n, Irlanda se posiciona como un socio comercial clave en el mercado agroalimentario mundial. \u00a1Estemos atentos a los frutos que esta misi\u00f3n comercial pueda traer en el futuro!<\/p>\n<p><em> &#8221; Sources www.agriland.ie &#8221; <\/em><\/p>\n","protected":false},"excerpt":{"rendered":"<p>El sector agroalimentario de Irlanda se encuentra en constante crecimiento y expansi\u00f3n, y el ministro de Agricultura, Charlie Hackett, ha comenzado una misi\u00f3n comercial en Estados Unidos para promover y fortalecer a\u00fan m\u00e1s las relaciones comerciales entre ambos pa\u00edses. Esta misi\u00f3n se centra en destacar la calidad y la diversidad de los productos agroalimentarios irlandeses, [&hellip;]<\/p>\n","protected":false},"author":2,"featured_media":760733,"comment_status":"open","ping_status":"closed","sticky":false,"template":"","format":"standard","meta":{"om_disable_all_campaigns":false,"jnews-multi-image_gallery":[],"jnews_single_post":[],"jnews_primary_category":[],"jnews_social_meta":[],"footnotes":""},"categories":[43],"tags":[154192,154191,154189,154190,4609,4492],"class_list":["post-760732","post","type-post","status-publish","format-standard","has-post-thumbnail","hentry","category-gourmet","tag-agri-food","tag-minister-hackett","tag-pippa-hackett","tag-trade-mission","tag-united-states","tag-us"],"_links":{"self":[{"href":"https:\/\/dimensionturistica.com\/es\/wp-json\/wp\/v2\/posts\/760732","targetHints":{"allow":["GET"]}}],"collection":[{"href":"https:\/\/dimensionturistica.com\/es\/wp-json\/wp\/v2\/posts"}],"about":[{"href":"https:\/\/dimensionturistica.com\/es\/wp-json\/wp\/v2\/types\/post"}],"author":[{"embeddable":true,"href":"https:\/\/dimensionturistica.com\/es\/wp-json\/wp\/v2\/users\/2"}],"replies":[{"embeddable":true,"href":"https:\/\/dimensionturistica.com\/es\/wp-json\/wp\/v2\/comments?post=760732"}],"version-history":[{"count":0,"href":"https:\/\/dimensionturistica.com\/es\/wp-json\/wp\/v2\/posts\/760732\/revisions"}],"wp:featuredmedia":[{"embeddable":true,"href":"https:\/\/dimensionturistica.com\/es\/wp-json\/wp\/v2\/media\/760733"}],"wp:attachment":[{"href":"https:\/\/dimensionturistica.com\/es\/wp-json\/wp\/v2\/media?parent=760732"}],"wp:term":[{"taxonomy":"category","embeddable":true,"href":"https:\/\/dimensionturistica.com\/es\/wp-json\/wp\/v2\/categories?post=760732"},{"taxonomy":"post_tag","embeddable":true,"href":"https:\/\/dimensionturistica.com\/es\/wp-json\/wp\/v2\/tags?post=760732"}],"curies":[{"name":"wp","href":"https:\/\/api.w.org\/{rel}","templated":true}]}}