{"id":759716,"date":"2024-03-22T21:14:31","date_gmt":"2024-03-22T21:14:31","guid":{"rendered":"https:\/\/dimensionturistica.com\/es\/?p=759716"},"modified":"2024-03-22T21:14:31","modified_gmt":"2024-03-22T21:14:31","slug":"los-destinos-mas-recomendados-para-tus-vacaciones-de-semana-santa-segun-una-aerolinea-famosa","status":"publish","type":"post","link":"https:\/\/dimensionturistica.com\/es\/los-destinos-mas-recomendados-para-tus-vacaciones-de-semana-santa-segun-una-aerolinea-famosa\/","title":{"rendered":"Los destinos m\u00e1s recomendados para tus vacaciones de Semana Santa seg\u00fan una aerol\u00ednea famosa."},"content":{"rendered":"<p>En busca de destinos \u00fanicos y llenos de encanto para disfrutar de unas vacaciones inolvidables en Semana Santa? Ryanair ha compartido su lista de los mejores destinos para viajar en esta \u00e9poca del a\u00f1o, y entre ellos se encuentra la hermosa ciudad de Valencia.<\/p>\n<p>Conocida por su clima mediterr\u00e1neo, su deliciosa gastronom\u00eda y su rica historia, la ciudad de Valencia es el lugar ideal para escapar de la rutina y disfrutar de unos d\u00edas de relax y diversi\u00f3n. \u00bfQu\u00e9 mejor momento para visitarla que durante la Semana Santa, cuando las calles se llenan de procesiones y tradiciones que te transportar\u00e1n a otra \u00e9poca?<\/p>\n<p>Uno de los imperdibles de Valencia es sin duda su famosa Ciudad de las Artes y las Ciencias, un complejo arquitect\u00f3nico \u00fanico en el mundo que alberga varios museos y atracciones culturales. Pero la ciudad tambi\u00e9n cuenta con otros encantos, como el casco antiguo con sus estrechas calles empedradas, la impresionante catedral g\u00f3tica o el animado Mercado Central, donde podr\u00e1s degustar los productos locales m\u00e1s frescos y sabrosos.<\/p>\n<p>Adem\u00e1s, Valencia es conocida por sus playas de arena dorada, ideales para relajarse y disfrutar del sol y el mar. Y si eres amante de la naturaleza, no puedes perderte una visita al Parque Natural de la Albufera, un oasis de tranquilidad a pocos kil\u00f3metros de la ciudad.<\/p>\n<p>En Semana Santa, Valencia se viste de gala para celebrar una de las festividades m\u00e1s importantes del a\u00f1o, con procesiones, conciertos y eventos especiales que te har\u00e1n vivir una experiencia \u00fanica. As\u00ed que no lo pienses m\u00e1s y haz tus maletas para descubrir todo lo que esta maravillosa ciudad tiene para ofrecerte en esta \u00e9poca del a\u00f1o. Te aseguramos que no te arrepentir\u00e1s. \u00a1Buen viaje!<\/p>\n<p><em> &#8221; Sources www.valenciaextra.com &#8221; <\/em><\/p>\n<p><em> &#8221; Fuentes www.valenciaextra.com &#8221; <\/em><\/p>\n","protected":false},"excerpt":{"rendered":"<p>En busca de destinos \u00fanicos y llenos de encanto para disfrutar de unas vacaciones inolvidables en Semana Santa? Ryanair ha compartido su lista de los mejores destinos para viajar en esta \u00e9poca del a\u00f1o, y entre ellos se encuentra la hermosa ciudad de Valencia. Conocida por su clima mediterr\u00e1neo, su deliciosa gastronom\u00eda y su rica [&hellip;]<\/p>\n","protected":false},"author":4,"featured_media":759717,"comment_status":"open","ping_status":"closed","sticky":false,"template":"","format":"standard","meta":{"om_disable_all_campaigns":false,"jnews-multi-image_gallery":[],"jnews_single_post":[],"jnews_primary_category":[],"jnews_social_meta":[],"footnotes":""},"categories":[39],"tags":[1228,7972,2946,1861,790],"class_list":["post-759716","post","type-post","status-publish","format-standard","has-post-thumbnail","hentry","category-viajes","tag-destinos","tag-ryanair","tag-semana-santa","tag-vacaciones","tag-viajar"],"_links":{"self":[{"href":"https:\/\/dimensionturistica.com\/es\/wp-json\/wp\/v2\/posts\/759716","targetHints":{"allow":["GET"]}}],"collection":[{"href":"https:\/\/dimensionturistica.com\/es\/wp-json\/wp\/v2\/posts"}],"about":[{"href":"https:\/\/dimensionturistica.com\/es\/wp-json\/wp\/v2\/types\/post"}],"author":[{"embeddable":true,"href":"https:\/\/dimensionturistica.com\/es\/wp-json\/wp\/v2\/users\/4"}],"replies":[{"embeddable":true,"href":"https:\/\/dimensionturistica.com\/es\/wp-json\/wp\/v2\/comments?post=759716"}],"version-history":[{"count":0,"href":"https:\/\/dimensionturistica.com\/es\/wp-json\/wp\/v2\/posts\/759716\/revisions"}],"wp:featuredmedia":[{"embeddable":true,"href":"https:\/\/dimensionturistica.com\/es\/wp-json\/wp\/v2\/media\/759717"}],"wp:attachment":[{"href":"https:\/\/dimensionturistica.com\/es\/wp-json\/wp\/v2\/media?parent=759716"}],"wp:term":[{"taxonomy":"category","embeddable":true,"href":"https:\/\/dimensionturistica.com\/es\/wp-json\/wp\/v2\/categories?post=759716"},{"taxonomy":"post_tag","embeddable":true,"href":"https:\/\/dimensionturistica.com\/es\/wp-json\/wp\/v2\/tags?post=759716"}],"curies":[{"name":"wp","href":"https:\/\/api.w.org\/{rel}","templated":true}]}}