{"id":759643,"date":"2024-03-22T19:31:57","date_gmt":"2024-03-22T19:31:57","guid":{"rendered":"https:\/\/dimensionturistica.com\/es\/?p=759643"},"modified":"2024-03-22T19:31:57","modified_gmt":"2024-03-22T19:31:57","slug":"esperanza-de-turismo-economico-en-madryn-agencias-de-viajes-anticipan-una-semana-santa-con-visitantes-ahorrativos","status":"publish","type":"post","link":"https:\/\/dimensionturistica.com\/es\/esperanza-de-turismo-economico-en-madryn-agencias-de-viajes-anticipan-una-semana-santa-con-visitantes-ahorrativos\/","title":{"rendered":"Esperanza de turismo econ\u00f3mico en Madryn: agencias de viajes anticipan una Semana Santa con visitantes ahorrativos"},"content":{"rendered":"<p>Con la llegada de la Semana Santa, el sector tur\u00edstico se prepara para recibir a miles de visitantes que buscan disfrutar de unos d\u00edas de descanso y diversi\u00f3n. Seg\u00fan expertos en la materia, este a\u00f1o se espera que las agencias de viajes tengan un periodo tranquilo, marcado por una reducci\u00f3n en la demanda de destinos internacionales y un aumento en la preferencia por destinos nacionales.<\/p>\n<p>Uno de los factores que ha contribuido a esta tendencia es la incertidumbre generada por la pandemia de COVID-19, que ha llevado a muchos viajeros a optar por destinos m\u00e1s cercanos y familiares. A ra\u00edz de esto, destinos tur\u00edsticos como Santa Marta, Cartagena, San Andr\u00e9s y el Eje Cafetero se perfilan como los principales destinos para esta temporada, atrayendo a turistas nacionales que buscan disfrutar de hermosas playas, paisajes naturales y experiencias culturales \u00fanicas.<\/p>\n<p>Por otro lado, las agencias de viajes tambi\u00e9n est\u00e1n viendo un aumento en la demanda de turismo rural y de naturaleza, con destinos como la Sierra Nevada de Santa Marta, el Parque Nacional Natural Tayrona y la Reserva Natural de La Macarena como opciones populares para aquellos que buscan conectar con la naturaleza y desconectarse del ajetreo de la ciudad.<\/p>\n<p>Pese a las circunstancias actuales, el sector tur\u00edstico se muestra optimista y confiado en que la Semana Santa ser\u00e1 una oportunidad para reactivar la econom\u00eda y promover el turismo interno. Con protocolos de bioseguridad en marcha y promociones especiales, las agencias de viajes est\u00e1n listas para recibir a todos aquellos que deseen disfrutar de unas vacaciones inolvidables en nuestro hermoso pa\u00eds.<\/p>\n<p>En conclusi\u00f3n, la Semana Santa se vislumbra como una oportunidad para explorar los maravillosos destinos que Colombia tiene para ofrecer, desde playas paradis\u00edacas hasta paisajes de ensue\u00f1o en medio de la naturaleza. \u00a1No pierdas la oportunidad de planificar tu escapada y descubrir los tesoros que te esperan en cada rinc\u00f3n de nuestro pa\u00eds! \u00a1Felices vacaciones!<\/p>\n<p><em> &#8221; Sources canal12web.com &#8221; <\/em><\/p>\n<p><em> &#8221; Sources canal12web.com &#8221; <\/em><\/p>\n","protected":false},"excerpt":{"rendered":"<p>Con la llegada de la Semana Santa, el sector tur\u00edstico se prepara para recibir a miles de visitantes que buscan disfrutar de unos d\u00edas de descanso y diversi\u00f3n. Seg\u00fan expertos en la materia, este a\u00f1o se espera que las agencias de viajes tengan un periodo tranquilo, marcado por una reducci\u00f3n en la demanda de destinos [&hellip;]<\/p>\n","protected":false},"author":4,"featured_media":759644,"comment_status":"open","ping_status":"closed","sticky":false,"template":"","format":"standard","meta":{"om_disable_all_campaigns":false,"jnews-multi-image_gallery":[],"jnews_single_post":[],"jnews_primary_category":[],"jnews_social_meta":[],"footnotes":""},"categories":[40],"tags":[569,1845,2946,153717],"class_list":["post-759643","post","type-post","status-publish","format-standard","has-post-thumbnail","hentry","category-industria","tag-agencias-de-viajes","tag-madryn","tag-semana-santa","tag-turismo-gasolero"],"_links":{"self":[{"href":"https:\/\/dimensionturistica.com\/es\/wp-json\/wp\/v2\/posts\/759643","targetHints":{"allow":["GET"]}}],"collection":[{"href":"https:\/\/dimensionturistica.com\/es\/wp-json\/wp\/v2\/posts"}],"about":[{"href":"https:\/\/dimensionturistica.com\/es\/wp-json\/wp\/v2\/types\/post"}],"author":[{"embeddable":true,"href":"https:\/\/dimensionturistica.com\/es\/wp-json\/wp\/v2\/users\/4"}],"replies":[{"embeddable":true,"href":"https:\/\/dimensionturistica.com\/es\/wp-json\/wp\/v2\/comments?post=759643"}],"version-history":[{"count":0,"href":"https:\/\/dimensionturistica.com\/es\/wp-json\/wp\/v2\/posts\/759643\/revisions"}],"wp:featuredmedia":[{"embeddable":true,"href":"https:\/\/dimensionturistica.com\/es\/wp-json\/wp\/v2\/media\/759644"}],"wp:attachment":[{"href":"https:\/\/dimensionturistica.com\/es\/wp-json\/wp\/v2\/media?parent=759643"}],"wp:term":[{"taxonomy":"category","embeddable":true,"href":"https:\/\/dimensionturistica.com\/es\/wp-json\/wp\/v2\/categories?post=759643"},{"taxonomy":"post_tag","embeddable":true,"href":"https:\/\/dimensionturistica.com\/es\/wp-json\/wp\/v2\/tags?post=759643"}],"curies":[{"name":"wp","href":"https:\/\/api.w.org\/{rel}","templated":true}]}}