{"id":759572,"date":"2024-03-22T18:50:00","date_gmt":"2024-03-22T18:50:00","guid":{"rendered":"https:\/\/dimensionturistica.com\/es\/?p=759572"},"modified":"2024-03-22T18:50:00","modified_gmt":"2024-03-22T18:50:00","slug":"descubrimiento-de-martos-por-parte-de-periodistas-de-viajes-de-alemania","status":"publish","type":"post","link":"https:\/\/dimensionturistica.com\/es\/descubrimiento-de-martos-por-parte-de-periodistas-de-viajes-de-alemania\/","title":{"rendered":"Descubrimiento de Martos por parte de periodistas de viajes de Alemania"},"content":{"rendered":"<p>En la provincia de Ja\u00e9n, en pleno coraz\u00f3n de Andaluc\u00eda, se encuentra Martos, un destino tur\u00edstico por descubrir que recientemente ha impresionado a un grupo de periodistas alemanes especializados en viajes.<\/p>\n<p>Estos expertos del turismo quedaron fascinados por la riqueza hist\u00f3rica y cultural de Martos, as\u00ed como por la amabilidad de sus habitantes. Durante su visita, recorrieron sus calles empedradas, admiraron su imponente iglesia de Santa Marta y se maravillaron con las vistas panor\u00e1micas desde el Cerro de San Bartolom\u00e9. Tambi\u00e9n tuvieron la oportunidad de degustar la deliciosa gastronom\u00eda local, destacando los aceites de oliva virgen extra y los exquisitos dulces tradicionales.<\/p>\n<p>Martos es un destino perfecto para los amantes de la naturaleza, ya que se encuentra rodeado de olivares y parajes naturales ideales para practicar senderismo o simplemente disfrutar de un paseo tranquilo. Adem\u00e1s, su ubicaci\u00f3n estrat\u00e9gica permite realizar excursiones a lugares cercanos de gran inter\u00e9s tur\u00edstico, como la ciudad de Ja\u00e9n o el Parque Natural de las Sierras de Cazorla, Segura y las Villas.<\/p>\n<p>Si est\u00e1s planeando tu pr\u00f3ximo viaje y buscas un destino aut\u00e9ntico y con encanto, no dudes en incluir Martos en tu itinerario. Descubrir\u00e1s un lugar lleno de historia, tradici\u00f3n y belleza natural que te conquistar\u00e1 desde el primer momento. \u00a1No te arrepentir\u00e1s de visitar este tesoro escondido en el sur de Espa\u00f1a!<\/p>\n<p><em> &#8221; Sources martos.es &#8221; <\/em><\/p>\n<p><em> &#8221; Fuentes martos.es &#8221; <\/em><\/p>\n","protected":false},"excerpt":{"rendered":"<p>En la provincia de Ja\u00e9n, en pleno coraz\u00f3n de Andaluc\u00eda, se encuentra Martos, un destino tur\u00edstico por descubrir que recientemente ha impresionado a un grupo de periodistas alemanes especializados en viajes. Estos expertos del turismo quedaron fascinados por la riqueza hist\u00f3rica y cultural de Martos, as\u00ed como por la amabilidad de sus habitantes. Durante su [&hellip;]<\/p>\n","protected":false},"author":4,"featured_media":0,"comment_status":"open","ping_status":"closed","sticky":false,"template":"","format":"standard","meta":{"om_disable_all_campaigns":false,"jnews-multi-image_gallery":[],"jnews_single_post":[],"jnews_primary_category":[],"jnews_social_meta":[],"footnotes":""},"categories":[39],"tags":[25697,153706,101159,545],"class_list":["post-759572","post","type-post","status-publish","format-standard","hentry","category-viajes","tag-especializados","tag-martos","tag-periodistas-alemanes","tag-viajes"],"_links":{"self":[{"href":"https:\/\/dimensionturistica.com\/es\/wp-json\/wp\/v2\/posts\/759572","targetHints":{"allow":["GET"]}}],"collection":[{"href":"https:\/\/dimensionturistica.com\/es\/wp-json\/wp\/v2\/posts"}],"about":[{"href":"https:\/\/dimensionturistica.com\/es\/wp-json\/wp\/v2\/types\/post"}],"author":[{"embeddable":true,"href":"https:\/\/dimensionturistica.com\/es\/wp-json\/wp\/v2\/users\/4"}],"replies":[{"embeddable":true,"href":"https:\/\/dimensionturistica.com\/es\/wp-json\/wp\/v2\/comments?post=759572"}],"version-history":[{"count":0,"href":"https:\/\/dimensionturistica.com\/es\/wp-json\/wp\/v2\/posts\/759572\/revisions"}],"wp:attachment":[{"href":"https:\/\/dimensionturistica.com\/es\/wp-json\/wp\/v2\/media?parent=759572"}],"wp:term":[{"taxonomy":"category","embeddable":true,"href":"https:\/\/dimensionturistica.com\/es\/wp-json\/wp\/v2\/categories?post=759572"},{"taxonomy":"post_tag","embeddable":true,"href":"https:\/\/dimensionturistica.com\/es\/wp-json\/wp\/v2\/tags?post=759572"}],"curies":[{"name":"wp","href":"https:\/\/api.w.org\/{rel}","templated":true}]}}