{"id":759468,"date":"2024-03-22T16:44:10","date_gmt":"2024-03-22T16:44:10","guid":{"rendered":"https:\/\/dimensionturistica.com\/es\/?p=759468"},"modified":"2024-03-22T16:44:10","modified_gmt":"2024-03-22T16:44:10","slug":"el-ceo-de-ebro-foods-logra-un-aumento-del-18-en-su-salario-en-2023-ascendiendo-a-53-millones-de-euros","status":"publish","type":"post","link":"https:\/\/dimensionturistica.com\/es\/el-ceo-de-ebro-foods-logra-un-aumento-del-18-en-su-salario-en-2023-ascendiendo-a-53-millones-de-euros\/","title":{"rendered":"El CEO de Ebro Foods logra un aumento del 18 % en su salario en 2023, ascendiendo a 5,3 millones de euros."},"content":{"rendered":"<p>El turismo gastron\u00f3mico es sin duda una de las experiencias m\u00e1s enriquecedoras que se pueden disfrutar al viajar. Y, \u00bfqu\u00e9 mejor manera de complementar un viaje culinario que conociendo m\u00e1s sobre las grandes figuras detr\u00e1s de empresas de alimentaci\u00f3n reconocidas a nivel mundial?<\/p>\n<p>Recientemente, se ha revelado que el presidente de Ebro Foods, una de las compa\u00f1\u00edas l\u00edderes en el sector de alimentos, ha logrado una impresionante ganancia de 53 millones de euros en el a\u00f1o 2023, lo que representa un aumento del 18% con respecto al a\u00f1o anterior. Con esta noticia, no solo descubrimos el \u00e9xito empresarial de esta figura destacada, sino que tambi\u00e9n nos adentramos en el fascinante mundo de la industria alimentaria.<\/p>\n<p>Ebro Foods es conocida por su amplia gama de productos que van desde arroces y pasta, hasta platos preparados y alimentos de conveniencia. Su presencia a nivel global ha convertido a esta empresa en un referente para aquellos amantes de la buena comida, y su presidente en una figura clave en el mundo de los negocios.<\/p>\n<p>Adem\u00e1s de su \u00e9xito financiero, es importante destacar el compromiso de Ebro Foods con la sostenibilidad y la responsabilidad social empresarial. La empresa se ha destacado por implementar pr\u00e1cticas que contribuyen al cuidado del medio ambiente y al bienestar de sus trabajadores, mostrando as\u00ed un enfoque integral en su gesti\u00f3n.<\/p>\n<p>Para los amantes de la gastronom\u00eda, conocer m\u00e1s sobre las figuras clave detr\u00e1s de grandes empresas alimentarias como Ebro Foods puede resultar una experiencia enriquecedora y motivadora. Descubrir la tenacidad y visi\u00f3n de l\u00edderes que han logrado posicionar a sus compa\u00f1\u00edas en la cima del \u00e9xito puede servir de inspiraci\u00f3n para aquellos que desean emprender en el mundo de la alimentaci\u00f3n.<\/p>\n<p>En definitiva, la historia del presidente de Ebro Foods nos invita a reflexionar sobre la importancia del trabajo duro, la innovaci\u00f3n y la pasi\u00f3n en el mundo de los negocios y la gastronom\u00eda. Sin duda, una historia que merece ser conocida y que nos recuerda que detr\u00e1s de cada plato de comida hay un gran esfuerzo y dedicaci\u00f3n por parte de quienes hacen posible que llegue a nuestra mesa.<\/p>\n<p><em> &#8221; Sources es.investing.com &#8221; <\/em><\/p>\n","protected":false},"excerpt":{"rendered":"<p>El turismo gastron\u00f3mico es sin duda una de las experiencias m\u00e1s enriquecedoras que se pueden disfrutar al viajar. Y, \u00bfqu\u00e9 mejor manera de complementar un viaje culinario que conociendo m\u00e1s sobre las grandes figuras detr\u00e1s de empresas de alimentaci\u00f3n reconocidas a nivel mundial? Recientemente, se ha revelado que el presidente de Ebro Foods, una de [&hellip;]<\/p>\n","protected":false},"author":2,"featured_media":759469,"comment_status":"open","ping_status":"closed","sticky":false,"template":"","format":"standard","meta":{"om_disable_all_campaigns":false,"jnews-multi-image_gallery":[],"jnews_single_post":[],"jnews_primary_category":[],"jnews_social_meta":[],"footnotes":""},"categories":[43],"tags":[13282,1547,1037,8082,1646,19783,2234],"class_list":["post-759468","post","type-post","status-publish","format-standard","has-post-thumbnail","hentry","category-gourmet","tag-13282","tag-aumento","tag-ebro-foods","tag-efe","tag-euros","tag-ganancias","tag-presidente"],"_links":{"self":[{"href":"https:\/\/dimensionturistica.com\/es\/wp-json\/wp\/v2\/posts\/759468","targetHints":{"allow":["GET"]}}],"collection":[{"href":"https:\/\/dimensionturistica.com\/es\/wp-json\/wp\/v2\/posts"}],"about":[{"href":"https:\/\/dimensionturistica.com\/es\/wp-json\/wp\/v2\/types\/post"}],"author":[{"embeddable":true,"href":"https:\/\/dimensionturistica.com\/es\/wp-json\/wp\/v2\/users\/2"}],"replies":[{"embeddable":true,"href":"https:\/\/dimensionturistica.com\/es\/wp-json\/wp\/v2\/comments?post=759468"}],"version-history":[{"count":0,"href":"https:\/\/dimensionturistica.com\/es\/wp-json\/wp\/v2\/posts\/759468\/revisions"}],"wp:featuredmedia":[{"embeddable":true,"href":"https:\/\/dimensionturistica.com\/es\/wp-json\/wp\/v2\/media\/759469"}],"wp:attachment":[{"href":"https:\/\/dimensionturistica.com\/es\/wp-json\/wp\/v2\/media?parent=759468"}],"wp:term":[{"taxonomy":"category","embeddable":true,"href":"https:\/\/dimensionturistica.com\/es\/wp-json\/wp\/v2\/categories?post=759468"},{"taxonomy":"post_tag","embeddable":true,"href":"https:\/\/dimensionturistica.com\/es\/wp-json\/wp\/v2\/tags?post=759468"}],"curies":[{"name":"wp","href":"https:\/\/api.w.org\/{rel}","templated":true}]}}