{"id":759341,"date":"2024-03-22T14:58:22","date_gmt":"2024-03-22T14:58:22","guid":{"rendered":"https:\/\/dimensionturistica.com\/es\/?p=759341"},"modified":"2024-03-22T14:58:22","modified_gmt":"2024-03-22T14:58:22","slug":"misteriosos-desplazamientos-y-travesias-a-la-tierra-caribena-republica-dominicana","status":"publish","type":"post","link":"https:\/\/dimensionturistica.com\/es\/misteriosos-desplazamientos-y-travesias-a-la-tierra-caribena-republica-dominicana\/","title":{"rendered":"Misteriosos desplazamientos y traves\u00edas a la tierra caribe\u00f1a: Rep\u00fablica Dominicana"},"content":{"rendered":"<p>Misteriosos vuelos y viajes en la Rep\u00fablica Dominicana<\/p>\n<p>La Rep\u00fablica Dominicana, conocida por sus hermosas playas y ambiente caribe\u00f1o, es tambi\u00e9n escenario de misteriosos vuelos y viajes que han desconcertado a expertos en aviaci\u00f3n y turismo.<\/p>\n<p>En un reciente episodio del podcast &#8220;Atando Cabos&#8221;, se analiz\u00f3 la historia de varios vuelos que han dejado perplejos a quienes los investigan. Desde aviones desaparecidos en extra\u00f1as circunstancias hasta pasajeros que aseguran haber vivido experiencias fuera de lo com\u00fan durante sus trayectos, la isla caribe\u00f1a parece ser un im\u00e1n para lo inexplicable.<\/p>\n<p>Uno de los casos m\u00e1s intrigantes es el de un avi\u00f3n que desapareci\u00f3 misteriosamente de los radares durante un vuelo de Santo Domingo a Miami. A pesar de intensas b\u00fasquedas, nunca se encontraron rastros del avi\u00f3n ni de sus pasajeros, dejando en el aire la inc\u00f3gnita de lo que realmente sucedi\u00f3.<\/p>\n<p>Adem\u00e1s, diversos testigos han relatado encuentros con seres misteriosos durante sus viajes a la Rep\u00fablica Dominicana. Desde luces en el cielo hasta avistamientos de extra\u00f1as criaturas en las selvas de la isla, los relatos parecen sacados de una pel\u00edcula de ciencia ficci\u00f3n.<\/p>\n<p>\u00bfQu\u00e9 se esconde realmente detr\u00e1s de estos enigmas a\u00e9reos y terrestres en la Rep\u00fablica Dominicana? \u00bfExisten explicaciones l\u00f3gicas para estos fen\u00f3menos o estamos ante algo genuinamente sobrenatural? Las respuestas a\u00fan son desconocidas, pero lo que es seguro es que la isla caribe\u00f1a es mucho m\u00e1s que sol y playa.<\/p>\n<p>Si eres un amante de los misterios y la aventura, tal vez la Rep\u00fablica Dominicana sea tu pr\u00f3ximo destino tur\u00edstico. Qui\u00e9n sabe qu\u00e9 sorpresas te esperan en este enigm\u00e1tico rinc\u00f3n del Caribe. \u00a1Prep\u00e1rate para vivir experiencias que desaf\u00edan la l\u00f3gica y te har\u00e1n cuestionar la realidad!<\/p>\n<p><em> &#8221; Sources amp.ondacero.es &#8221; <\/em><\/p>\n<p><em> &#8221; Fuentes amp.ondacero.es &#8221; <\/em><\/p>\n","protected":false},"excerpt":{"rendered":"<p>Misteriosos vuelos y viajes en la Rep\u00fablica Dominicana La Rep\u00fablica Dominicana, conocida por sus hermosas playas y ambiente caribe\u00f1o, es tambi\u00e9n escenario de misteriosos vuelos y viajes que han desconcertado a expertos en aviaci\u00f3n y turismo. En un reciente episodio del podcast &#8220;Atando Cabos&#8221;, se analiz\u00f3 la historia de varios vuelos que han dejado perplejos [&hellip;]<\/p>\n","protected":false},"author":4,"featured_media":759342,"comment_status":"open","ping_status":"closed","sticky":false,"template":"","format":"standard","meta":{"om_disable_all_campaigns":false,"jnews-multi-image_gallery":[],"jnews_single_post":[],"jnews_primary_category":[],"jnews_social_meta":[],"footnotes":""},"categories":[39],"tags":[153644,153643,153645,1430,545],"class_list":["post-759341","post","type-post","status-publish","format-standard","has-post-thumbnail","hentry","category-viajes","tag-1x09","tag-atando-cabos","tag-los-inexplicables-vuelos","tag-republica-dominicana","tag-viajes"],"_links":{"self":[{"href":"https:\/\/dimensionturistica.com\/es\/wp-json\/wp\/v2\/posts\/759341","targetHints":{"allow":["GET"]}}],"collection":[{"href":"https:\/\/dimensionturistica.com\/es\/wp-json\/wp\/v2\/posts"}],"about":[{"href":"https:\/\/dimensionturistica.com\/es\/wp-json\/wp\/v2\/types\/post"}],"author":[{"embeddable":true,"href":"https:\/\/dimensionturistica.com\/es\/wp-json\/wp\/v2\/users\/4"}],"replies":[{"embeddable":true,"href":"https:\/\/dimensionturistica.com\/es\/wp-json\/wp\/v2\/comments?post=759341"}],"version-history":[{"count":0,"href":"https:\/\/dimensionturistica.com\/es\/wp-json\/wp\/v2\/posts\/759341\/revisions"}],"wp:featuredmedia":[{"embeddable":true,"href":"https:\/\/dimensionturistica.com\/es\/wp-json\/wp\/v2\/media\/759342"}],"wp:attachment":[{"href":"https:\/\/dimensionturistica.com\/es\/wp-json\/wp\/v2\/media?parent=759341"}],"wp:term":[{"taxonomy":"category","embeddable":true,"href":"https:\/\/dimensionturistica.com\/es\/wp-json\/wp\/v2\/categories?post=759341"},{"taxonomy":"post_tag","embeddable":true,"href":"https:\/\/dimensionturistica.com\/es\/wp-json\/wp\/v2\/tags?post=759341"}],"curies":[{"name":"wp","href":"https:\/\/api.w.org\/{rel}","templated":true}]}}