{"id":758465,"date":"2024-03-21T14:56:16","date_gmt":"2024-03-21T14:56:16","guid":{"rendered":"https:\/\/dimensionturistica.com\/es\/?p=758465"},"modified":"2024-03-21T14:56:16","modified_gmt":"2024-03-21T14:56:16","slug":"tres-cruces-opera-con-regularidad-pero-modifica-horarios-por-cancelacion-de-viajes-nocturnos","status":"publish","type":"post","link":"https:\/\/dimensionturistica.com\/es\/tres-cruces-opera-con-regularidad-pero-modifica-horarios-por-cancelacion-de-viajes-nocturnos\/","title":{"rendered":"Tres Cruces opera con regularidad, pero modifica horarios por cancelaci\u00f3n de viajes nocturnos"},"content":{"rendered":"<p>Tres Cruces funciona con normalidad, pero hay cambios en horarios y viajes suspendidos en la madrugada<\/p>\n<p>Tres Cruces, uno de los puntos neur\u00e1lgicos del transporte interdepartamental en Uruguay, contin\u00faa operando con normalidad a pesar de la situaci\u00f3n actual. Sin embargo, se han implementado cambios en los horarios de los servicios y se han suspendido algunos viajes durante la madrugada.<\/p>\n<p>Esta medida responde a las restricciones de circulaci\u00f3n impuestas por el gobierno para contener la propagaci\u00f3n del virus en el pa\u00eds. A pesar de las dificultades, las empresas de transporte han adaptado sus operaciones para garantizar la seguridad de los pasajeros y del personal.<\/p>\n<p>Seg\u00fan las autoridades de Tres Cruces, la terminal seguir\u00e1 funcionando de manera habitual, con todas las medidas de higiene y distanciamiento social necesarias. Adem\u00e1s, se han implementado controles de temperatura y desinfecci\u00f3n en todos los accesos para prevenir posibles contagios.<\/p>\n<p>A pesar de los cambios en los horarios y la suspensi\u00f3n de algunos servicios, Tres Cruces sigue siendo el principal punto de conexi\u00f3n para quienes necesitan desplazarse entre diferentes departamentos del pa\u00eds. La terminal contin\u00faa siendo un punto de encuentro para miles de personas que dependen del transporte p\u00fablico para sus desplazamientos diarios.<\/p>\n<p>En tiempos de incertidumbre, la solidaridad y el compromiso de todos son fundamentales para superar los desaf\u00edos que se presentan. Tres Cruces, con su esfuerzo y dedicaci\u00f3n, sigue siendo un punto clave en la red de transporte nacional, asegurando la conectividad y la movilidad de todos los uruguayos.<\/p>\n<p>Esperamos que, con el compromiso de todos, podamos superar esta situaci\u00f3n y volver a la normalidad lo antes posible. Mientras tanto, Tres Cruces seguir\u00e1 trabajando para ofrecer el mejor servicio posible a todos los que dependen de \u00e9l para sus desplazamientos. \u00a1Cuid\u00e9monos entre todos y sigamos adelante juntos!<\/p>\n<p><em> &#8221; Sources www.subrayado.com.uy &#8221; <\/em><\/p>\n<p><em> &#8221; Fuentes www.subrayado.com.uy &#8221; <\/em><\/p>\n","protected":false},"excerpt":{"rendered":"<p>Tres Cruces funciona con normalidad, pero hay cambios en horarios y viajes suspendidos en la madrugada Tres Cruces, uno de los puntos neur\u00e1lgicos del transporte interdepartamental en Uruguay, contin\u00faa operando con normalidad a pesar de la situaci\u00f3n actual. Sin embargo, se han implementado cambios en los horarios de los servicios y se han suspendido algunos [&hellip;]<\/p>\n","protected":false},"author":4,"featured_media":758466,"comment_status":"open","ping_status":"closed","sticky":false,"template":"","format":"standard","meta":{"om_disable_all_campaigns":false,"jnews-multi-image_gallery":[],"jnews_single_post":[],"jnews_primary_category":[],"jnews_social_meta":[],"footnotes":""},"categories":[39],"tags":[153319,79652,4165,134035,110734],"class_list":["post-758465","post","type-post","status-publish","format-standard","has-post-thumbnail","hentry","category-viajes","tag-cambio-de-horarios","tag-madrugada","tag-normalidad","tag-tres-cruces","tag-viajes-suspendidos"],"_links":{"self":[{"href":"https:\/\/dimensionturistica.com\/es\/wp-json\/wp\/v2\/posts\/758465","targetHints":{"allow":["GET"]}}],"collection":[{"href":"https:\/\/dimensionturistica.com\/es\/wp-json\/wp\/v2\/posts"}],"about":[{"href":"https:\/\/dimensionturistica.com\/es\/wp-json\/wp\/v2\/types\/post"}],"author":[{"embeddable":true,"href":"https:\/\/dimensionturistica.com\/es\/wp-json\/wp\/v2\/users\/4"}],"replies":[{"embeddable":true,"href":"https:\/\/dimensionturistica.com\/es\/wp-json\/wp\/v2\/comments?post=758465"}],"version-history":[{"count":0,"href":"https:\/\/dimensionturistica.com\/es\/wp-json\/wp\/v2\/posts\/758465\/revisions"}],"wp:featuredmedia":[{"embeddable":true,"href":"https:\/\/dimensionturistica.com\/es\/wp-json\/wp\/v2\/media\/758466"}],"wp:attachment":[{"href":"https:\/\/dimensionturistica.com\/es\/wp-json\/wp\/v2\/media?parent=758465"}],"wp:term":[{"taxonomy":"category","embeddable":true,"href":"https:\/\/dimensionturistica.com\/es\/wp-json\/wp\/v2\/categories?post=758465"},{"taxonomy":"post_tag","embeddable":true,"href":"https:\/\/dimensionturistica.com\/es\/wp-json\/wp\/v2\/tags?post=758465"}],"curies":[{"name":"wp","href":"https:\/\/api.w.org\/{rel}","templated":true}]}}