{"id":758091,"date":"2024-03-21T00:12:40","date_gmt":"2024-03-21T00:12:40","guid":{"rendered":"https:\/\/dimensionturistica.com\/es\/?p=758091"},"modified":"2024-03-21T00:12:40","modified_gmt":"2024-03-21T00:12:40","slug":"una-oda-a-la-comida-en-la-pantalla-grande","status":"publish","type":"post","link":"https:\/\/dimensionturistica.com\/es\/una-oda-a-la-comida-en-la-pantalla-grande\/","title":{"rendered":"Una oda a la comida en la pantalla grande"},"content":{"rendered":"<p>En la hermosa isla de Martha&#8217;s Vineyard se celebr\u00f3 recientemente un evento que hizo las delicias de todos los sentidos: \u00a1una celebraci\u00f3n de comida y cine! Este encuentro \u00fanico reuni\u00f3 lo mejor de la gastronom\u00eda local con proyecciones de pel\u00edculas ic\u00f3nicas que han dejado huella en la industria cinematogr\u00e1fica.<\/p>\n<p>Los asistentes tuvieron la oportunidad de degustar exquisitas creaciones culinarias preparadas por reconocidos chefs de la regi\u00f3n mientras disfrutaban de proyecciones al aire libre de pel\u00edculas que han marcado \u00e9poca. Desde cl\u00e1sicos de Hollywood hasta aclamadas cintas independientes, la selecci\u00f3n de pel\u00edculas fue tan variada como deliciosa era la oferta gastron\u00f3mica.<\/p>\n<p>Adem\u00e1s de la comida y el cine, el evento tambi\u00e9n cont\u00f3 con actividades interactivas como catas de vino, clases de cocina y charlas con chefs y directores de cine. Los visitantes tuvieron la oportunidad de sumergirse por completo en la cultura culinaria y cinematogr\u00e1fica de la isla, en un ambiente relajado y festivo que animaba a la camarader\u00eda y al intercambio de experiencias.<\/p>\n<p>La combinaci\u00f3n de sabores, aromas y emociones que se experiment\u00f3 en esta celebraci\u00f3n fue verdaderamente \u00fanica. Los asistentes no solo disfrutaron de platos deliciosos y pel\u00edculas memorables, sino que tambi\u00e9n tuvieron la oportunidad de conectar con sus sentidos de una manera especial, creando recuerdos inolvidables que perdurar\u00e1n en sus mentes y paladares.<\/p>\n<p>Si alguna vez tienes la oportunidad de visitar Martha&#8217;s Vineyard, te recomendamos que no te pierdas la pr\u00f3xima edici\u00f3n de esta maravillosa celebraci\u00f3n de comida y cine. \u00a1Una experiencia sensorial que te transportar\u00e1 a un mundo de sabores y emociones que no podr\u00e1s olvidar!<\/p>\n<p><em> &#8221; Sources www.mvtimes.com &#8221; <\/em><\/p>\n","protected":false},"excerpt":{"rendered":"<p>En la hermosa isla de Martha&#8217;s Vineyard se celebr\u00f3 recientemente un evento que hizo las delicias de todos los sentidos: \u00a1una celebraci\u00f3n de comida y cine! Este encuentro \u00fanico reuni\u00f3 lo mejor de la gastronom\u00eda local con proyecciones de pel\u00edculas ic\u00f3nicas que han dejado huella en la industria cinematogr\u00e1fica. Los asistentes tuvieron la oportunidad de [&hellip;]<\/p>\n","protected":false},"author":2,"featured_media":758092,"comment_status":"open","ping_status":"closed","sticky":false,"template":"","format":"standard","meta":{"om_disable_all_campaigns":false,"jnews-multi-image_gallery":[],"jnews_single_post":[],"jnews_primary_category":[],"jnews_social_meta":[],"footnotes":""},"categories":[43],"tags":[69359,73,355],"class_list":["post-758091","post","type-post","status-publish","format-standard","has-post-thumbnail","hentry","category-gourmet","tag-celebration","tag-film","tag-food"],"_links":{"self":[{"href":"https:\/\/dimensionturistica.com\/es\/wp-json\/wp\/v2\/posts\/758091","targetHints":{"allow":["GET"]}}],"collection":[{"href":"https:\/\/dimensionturistica.com\/es\/wp-json\/wp\/v2\/posts"}],"about":[{"href":"https:\/\/dimensionturistica.com\/es\/wp-json\/wp\/v2\/types\/post"}],"author":[{"embeddable":true,"href":"https:\/\/dimensionturistica.com\/es\/wp-json\/wp\/v2\/users\/2"}],"replies":[{"embeddable":true,"href":"https:\/\/dimensionturistica.com\/es\/wp-json\/wp\/v2\/comments?post=758091"}],"version-history":[{"count":0,"href":"https:\/\/dimensionturistica.com\/es\/wp-json\/wp\/v2\/posts\/758091\/revisions"}],"wp:featuredmedia":[{"embeddable":true,"href":"https:\/\/dimensionturistica.com\/es\/wp-json\/wp\/v2\/media\/758092"}],"wp:attachment":[{"href":"https:\/\/dimensionturistica.com\/es\/wp-json\/wp\/v2\/media?parent=758091"}],"wp:term":[{"taxonomy":"category","embeddable":true,"href":"https:\/\/dimensionturistica.com\/es\/wp-json\/wp\/v2\/categories?post=758091"},{"taxonomy":"post_tag","embeddable":true,"href":"https:\/\/dimensionturistica.com\/es\/wp-json\/wp\/v2\/tags?post=758091"}],"curies":[{"name":"wp","href":"https:\/\/api.w.org\/{rel}","templated":true}]}}