{"id":757741,"date":"2024-03-20T14:58:30","date_gmt":"2024-03-20T14:58:30","guid":{"rendered":"https:\/\/dimensionturistica.com\/es\/?p=757741"},"modified":"2024-03-20T14:58:30","modified_gmt":"2024-03-20T14:58:30","slug":"el-fin-de-una-espera-de-mas-de-veinte-anos-para-el-paso-a-nivel-de-el-crucero-en-miranda","status":"publish","type":"post","link":"https:\/\/dimensionturistica.com\/es\/el-fin-de-una-espera-de-mas-de-veinte-anos-para-el-paso-a-nivel-de-el-crucero-en-miranda\/","title":{"rendered":"El fin de una espera de m\u00e1s de veinte a\u00f1os para el paso a nivel de El Crucero en Miranda"},"content":{"rendered":"<p>Hoy es un d\u00eda hist\u00f3rico en Miranda de Ebro, ya que la ciudad celebra la transformaci\u00f3n de un emblem\u00e1tico paso a nivel en un moderno cruce a nivel. Este hito marca un antes y un despu\u00e9s en la historia local, ya que pone fin a d\u00e9cadas de preocupaciones por la seguridad y la congesti\u00f3n del tr\u00e1fico.<\/p>\n<p>El nuevo cruce a nivel, que incluye pasarelas peatonales y ciclistas, adem\u00e1s de barreras autom\u00e1ticas y se\u00f1alizaci\u00f3n de \u00faltima generaci\u00f3n, es un paso importante hacia la modernizaci\u00f3n de la infraestructura de transporte en la regi\u00f3n. Con esta mejora, se espera que la circulaci\u00f3n de trenes y veh\u00edculos sea m\u00e1s segura y eficiente, as\u00ed como que se reduzcan los tiempos de espera y los riesgos de accidentes.<\/p>\n<p>Adem\u00e1s de su importancia desde el punto de vista de la movilidad, el nuevo cruce a nivel tambi\u00e9n es un punto de inter\u00e9s tur\u00edstico en s\u00ed mismo. Su dise\u00f1o moderno y funcional lo convierte en un atractivo visual para los visitantes, que podr\u00e1n disfrutar de vistas panor\u00e1micas de la ciudad y de sus alrededores desde las pasarelas peatonales.<\/p>\n<p>Pero no solo el cruce a nivel en s\u00ed es digno de menci\u00f3n, sino que tambi\u00e9n lo es el entorno en el que se encuentra. Miranda de Ebro es una ciudad con una rica historia y un patrimonio cultural diverso, que se refleja en sus calles, plazas y monumentos. Adem\u00e1s, su ubicaci\u00f3n estrat\u00e9gica cerca de la frontera con la provincia de \u00c1lava la convierte en un punto de partida ideal para explorar los paisajes pintorescos y los pueblos con encanto de la regi\u00f3n.<\/p>\n<p>En resumen, la transformaci\u00f3n del paso a nivel en un cruce a nivel marca un hito en la historia de Miranda de Ebro, que no solo mejora la movilidad y la seguridad en la ciudad, sino que tambi\u00e9n a\u00f1ade un atractivo tur\u00edstico a la misma. Si est\u00e1s planeando un viaje a esta regi\u00f3n, no dudes en visitar este nuevo punto de inter\u00e9s y descubrir todo lo que Miranda de Ebro tiene para ofrecerte. \u00a1Te esperamos con los brazos abiertos!<\/p>\n<p><em> &#8221; Sources www.elcorreo.com &#8221; <\/em><\/p>\n<p><em> &#8221; Fuentes www.elcorreo.com &#8221; <\/em><\/p>\n","protected":false},"excerpt":{"rendered":"<p>Hoy es un d\u00eda hist\u00f3rico en Miranda de Ebro, ya que la ciudad celebra la transformaci\u00f3n de un emblem\u00e1tico paso a nivel en un moderno cruce a nivel. Este hito marca un antes y un despu\u00e9s en la historia local, ya que pone fin a d\u00e9cadas de preocupaciones por la seguridad y la congesti\u00f3n del [&hellip;]<\/p>\n","protected":false},"author":4,"featured_media":757742,"comment_status":"open","ping_status":"closed","sticky":false,"template":"","format":"standard","meta":{"om_disable_all_campaigns":false,"jnews-multi-image_gallery":[],"jnews_single_post":[],"jnews_primary_category":[],"jnews_social_meta":[],"footnotes":""},"categories":[41],"tags":[1280,13243,1523,21935,14382,153046,11099,1260,6643,3320,7975,1415,3165,2639],"class_list":["post-757741","post","type-post","status-publish","format-standard","has-post-thumbnail","hentry","category-cruceros","tag-crucero","tag-decadas","tag-dos","tag-dos-decadas","tag-el-crucero","tag-el-paso-a-nivel","tag-espera","tag-fin","tag-historia","tag-hoy","tag-miranda","tag-nivel","tag-paso","tag-tras"],"_links":{"self":[{"href":"https:\/\/dimensionturistica.com\/es\/wp-json\/wp\/v2\/posts\/757741","targetHints":{"allow":["GET"]}}],"collection":[{"href":"https:\/\/dimensionturistica.com\/es\/wp-json\/wp\/v2\/posts"}],"about":[{"href":"https:\/\/dimensionturistica.com\/es\/wp-json\/wp\/v2\/types\/post"}],"author":[{"embeddable":true,"href":"https:\/\/dimensionturistica.com\/es\/wp-json\/wp\/v2\/users\/4"}],"replies":[{"embeddable":true,"href":"https:\/\/dimensionturistica.com\/es\/wp-json\/wp\/v2\/comments?post=757741"}],"version-history":[{"count":0,"href":"https:\/\/dimensionturistica.com\/es\/wp-json\/wp\/v2\/posts\/757741\/revisions"}],"wp:featuredmedia":[{"embeddable":true,"href":"https:\/\/dimensionturistica.com\/es\/wp-json\/wp\/v2\/media\/757742"}],"wp:attachment":[{"href":"https:\/\/dimensionturistica.com\/es\/wp-json\/wp\/v2\/media?parent=757741"}],"wp:term":[{"taxonomy":"category","embeddable":true,"href":"https:\/\/dimensionturistica.com\/es\/wp-json\/wp\/v2\/categories?post=757741"},{"taxonomy":"post_tag","embeddable":true,"href":"https:\/\/dimensionturistica.com\/es\/wp-json\/wp\/v2\/tags?post=757741"}],"curies":[{"name":"wp","href":"https:\/\/api.w.org\/{rel}","templated":true}]}}