{"id":757613,"date":"2024-03-20T10:40:34","date_gmt":"2024-03-20T10:40:34","guid":{"rendered":"https:\/\/dimensionturistica.com\/es\/?p=757613"},"modified":"2024-03-20T10:40:34","modified_gmt":"2024-03-20T10:40:34","slug":"aku-vikstrom-asume-el-cargo-de-ceo-en-orkla-foods-europe","status":"publish","type":"post","link":"https:\/\/dimensionturistica.com\/es\/aku-vikstrom-asume-el-cargo-de-ceo-en-orkla-foods-europe\/","title":{"rendered":"Aku Vikstr\u00f6m asume el cargo de CEO en Orkla Foods Europe"},"content":{"rendered":"<p>La industria alimentaria juega un papel fundamental en la econom\u00eda mundial, y la empresa Orkla Foods Europe ha dado un paso clave al nombrar a Aku Vikstr\u00f6m como su nuevo CEO. Este cambio en el liderazgo seguramente traer\u00e1 consigo nuevas ideas y estrategias para posicionar a la compa\u00f1\u00eda como un referente en el mercado europeo.<\/p>\n<p>Vikstr\u00f6m cuenta con una amplia experiencia en la industria alimentaria, lo que lo convierte en la persona ideal para liderar a Orkla Foods Europe en esta etapa de crecimiento y expansi\u00f3n. Su visi\u00f3n y capacidad para tomar decisiones estrat\u00e9gicas ser\u00e1n clave para mantener la competitividad de la empresa en un mercado cada vez m\u00e1s exigente.<\/p>\n<p>El nombramiento de Aku Vikstr\u00f6m como CEO de Orkla Foods Europe no solo es una noticia relevante dentro de la empresa, sino que tambi\u00e9n tiene un impacto en el sector tur\u00edstico. La gastronom\u00eda juega un papel importante a la hora de elegir destinos de viaje, y contar con empresas l\u00edderes en la industria alimentaria en Europa puede ser un factor determinante para atraer turistas.<\/p>\n<p>La apuesta de Orkla Foods Europe por Vikstr\u00f6m como CEO refleja el compromiso de la empresa con la innovaci\u00f3n y la excelencia en la calidad de sus productos. Esto, sin duda, se traducir\u00e1 en propuestas gastron\u00f3micas cada vez m\u00e1s atractivas para los turistas que visiten los destinos en los que la compa\u00f1\u00eda tiene presencia.<\/p>\n<p>En definitiva, el nombramiento de Aku Vikstr\u00f6m como CEO de Orkla Foods Europe no solo es una noticia relevante para la empresa, sino tambi\u00e9n para el sector tur\u00edstico. La combinaci\u00f3n de excelencia en la calidad de los productos y liderazgo en la industria alimentaria puede ser un gran atractivo para los viajeros en busca de experiencias gastron\u00f3micas \u00fanicas. Sin duda, estaremos atentos a las novedades que nos traiga esta nueva etapa bajo el mando de Vikstr\u00f6m.<\/p>\n<p><em> &#8221; Sources www.mynewsdesk.com &#8221; <\/em><\/p>\n","protected":false},"excerpt":{"rendered":"<p>La industria alimentaria juega un papel fundamental en la econom\u00eda mundial, y la empresa Orkla Foods Europe ha dado un paso clave al nombrar a Aku Vikstr\u00f6m como su nuevo CEO. Este cambio en el liderazgo seguramente traer\u00e1 consigo nuevas ideas y estrategias para posicionar a la compa\u00f1\u00eda como un referente en el mercado europeo. [&hellip;]<\/p>\n","protected":false},"author":2,"featured_media":757614,"comment_status":"open","ping_status":"closed","sticky":false,"template":"","format":"standard","meta":{"om_disable_all_campaigns":false,"jnews-multi-image_gallery":[],"jnews_single_post":[],"jnews_primary_category":[],"jnews_social_meta":[],"footnotes":""},"categories":[43],"tags":[152984,10199,152985],"class_list":["post-757613","post","type-post","status-publish","format-standard","has-post-thumbnail","hentry","category-gourmet","tag-aku-vikstrom","tag-ceo","tag-orkla-foods-europe"],"_links":{"self":[{"href":"https:\/\/dimensionturistica.com\/es\/wp-json\/wp\/v2\/posts\/757613","targetHints":{"allow":["GET"]}}],"collection":[{"href":"https:\/\/dimensionturistica.com\/es\/wp-json\/wp\/v2\/posts"}],"about":[{"href":"https:\/\/dimensionturistica.com\/es\/wp-json\/wp\/v2\/types\/post"}],"author":[{"embeddable":true,"href":"https:\/\/dimensionturistica.com\/es\/wp-json\/wp\/v2\/users\/2"}],"replies":[{"embeddable":true,"href":"https:\/\/dimensionturistica.com\/es\/wp-json\/wp\/v2\/comments?post=757613"}],"version-history":[{"count":0,"href":"https:\/\/dimensionturistica.com\/es\/wp-json\/wp\/v2\/posts\/757613\/revisions"}],"wp:featuredmedia":[{"embeddable":true,"href":"https:\/\/dimensionturistica.com\/es\/wp-json\/wp\/v2\/media\/757614"}],"wp:attachment":[{"href":"https:\/\/dimensionturistica.com\/es\/wp-json\/wp\/v2\/media?parent=757613"}],"wp:term":[{"taxonomy":"category","embeddable":true,"href":"https:\/\/dimensionturistica.com\/es\/wp-json\/wp\/v2\/categories?post=757613"},{"taxonomy":"post_tag","embeddable":true,"href":"https:\/\/dimensionturistica.com\/es\/wp-json\/wp\/v2\/tags?post=757613"}],"curies":[{"name":"wp","href":"https:\/\/api.w.org\/{rel}","templated":true}]}}