{"id":757576,"date":"2024-03-20T09:18:28","date_gmt":"2024-03-20T09:18:28","guid":{"rendered":"https:\/\/dimensionturistica.com\/es\/?p=757576"},"modified":"2024-03-20T09:18:28","modified_gmt":"2024-03-20T09:18:28","slug":"aku-vikstrom-asume-el-cargo-de-ceo-de-orkla-foods-europe","status":"publish","type":"post","link":"https:\/\/dimensionturistica.com\/es\/aku-vikstrom-asume-el-cargo-de-ceo-de-orkla-foods-europe\/","title":{"rendered":"Aku Vikstr\u00f6m asume el cargo de CEO de Orkla Foods Europe."},"content":{"rendered":"<p>Descubre la nueva era de Orkla Foods Europe con su nuevo CEO<\/p>\n<p>En un emocionante anuncio, Orkla Foods Europe ha revelado a su CEO recientemente nombrado, Aku Vikstr\u00f6m. Con una amplia experiencia en la industria alimentaria, Vikstr\u00f6m llega a la compa\u00f1\u00eda con una visi\u00f3n innovadora y un enfoque estrat\u00e9gico que promete llevar a Orkla Foods Europe a nuevas alturas.<\/p>\n<p>Con una trayectoria impresionante que incluye puestos de liderazgo en empresas l\u00edderes en el mercado, Vikstr\u00f6m est\u00e1 preparado para liderar a Orkla Foods Europe en un emocionante viaje hacia el \u00e9xito. Con un enfoque en la sostenibilidad y la innovaci\u00f3n, se espera que Vikstr\u00f6m brinde un impulso fresco y din\u00e1mico a la compa\u00f1\u00eda, manteniendo su posici\u00f3n como uno de los principales actores en la industria alimentaria europea.<\/p>\n<p>Orkla Foods Europe ha sido reconocida por su compromiso con la calidad y la excelencia en la producci\u00f3n de alimentos. Con la incorporaci\u00f3n de Vikstr\u00f6m como CEO, se espera que la compa\u00f1\u00eda contin\u00fae su legado de ofrecer productos de alta calidad que deleiten a los consumidores en toda Europa.<\/p>\n<p>Como destino tur\u00edstico, Europa ofrece una amplia gama de experiencias culinarias \u00fanicas que reflejan la diversidad y la riqueza cultural de la regi\u00f3n. Con la influencia de Orkla Foods Europe en la industria alimentaria, los turistas pueden esperar descubrir una incre\u00edble variedad de sabores y productos innovadores que les brindar\u00e1n una experiencia gastron\u00f3mica inolvidable.<\/p>\n<p>\u00a1Prep\u00e1rate para un viaje culinario \u00fanico con Orkla Foods Europe y su nuevo CEO Aku Vikstr\u00f6m! Desde delicias tradicionales hasta creaciones vanguardistas, la compa\u00f1\u00eda est\u00e1 lista para sorprender y deleitar a los paladares de los viajeros m\u00e1s exigentes. \u00a1No te pierdas esta emocionante nueva era de Orkla Foods Europe!<\/p>\n<p><em> &#8221; Sources www.mynewsdesk.com &#8221; <\/em><\/p>\n","protected":false},"excerpt":{"rendered":"<p>Descubre la nueva era de Orkla Foods Europe con su nuevo CEO En un emocionante anuncio, Orkla Foods Europe ha revelado a su CEO recientemente nombrado, Aku Vikstr\u00f6m. Con una amplia experiencia en la industria alimentaria, Vikstr\u00f6m llega a la compa\u00f1\u00eda con una visi\u00f3n innovadora y un enfoque estrat\u00e9gico que promete llevar a Orkla Foods [&hellip;]<\/p>\n","protected":false},"author":2,"featured_media":757577,"comment_status":"open","ping_status":"closed","sticky":false,"template":"","format":"standard","meta":{"om_disable_all_campaigns":false,"jnews-multi-image_gallery":[],"jnews_single_post":[],"jnews_primary_category":[],"jnews_social_meta":[],"footnotes":""},"categories":[43],"tags":[152984,10199,152985],"class_list":["post-757576","post","type-post","status-publish","format-standard","has-post-thumbnail","hentry","category-gourmet","tag-aku-vikstrom","tag-ceo","tag-orkla-foods-europe"],"_links":{"self":[{"href":"https:\/\/dimensionturistica.com\/es\/wp-json\/wp\/v2\/posts\/757576","targetHints":{"allow":["GET"]}}],"collection":[{"href":"https:\/\/dimensionturistica.com\/es\/wp-json\/wp\/v2\/posts"}],"about":[{"href":"https:\/\/dimensionturistica.com\/es\/wp-json\/wp\/v2\/types\/post"}],"author":[{"embeddable":true,"href":"https:\/\/dimensionturistica.com\/es\/wp-json\/wp\/v2\/users\/2"}],"replies":[{"embeddable":true,"href":"https:\/\/dimensionturistica.com\/es\/wp-json\/wp\/v2\/comments?post=757576"}],"version-history":[{"count":0,"href":"https:\/\/dimensionturistica.com\/es\/wp-json\/wp\/v2\/posts\/757576\/revisions"}],"wp:featuredmedia":[{"embeddable":true,"href":"https:\/\/dimensionturistica.com\/es\/wp-json\/wp\/v2\/media\/757577"}],"wp:attachment":[{"href":"https:\/\/dimensionturistica.com\/es\/wp-json\/wp\/v2\/media?parent=757576"}],"wp:term":[{"taxonomy":"category","embeddable":true,"href":"https:\/\/dimensionturistica.com\/es\/wp-json\/wp\/v2\/categories?post=757576"},{"taxonomy":"post_tag","embeddable":true,"href":"https:\/\/dimensionturistica.com\/es\/wp-json\/wp\/v2\/tags?post=757576"}],"curies":[{"name":"wp","href":"https:\/\/api.w.org\/{rel}","templated":true}]}}