{"id":756776,"date":"2024-03-19T09:03:48","date_gmt":"2024-03-19T09:03:48","guid":{"rendered":"https:\/\/dimensionturistica.com\/es\/?p=756776"},"modified":"2024-03-19T09:03:48","modified_gmt":"2024-03-19T09:03:48","slug":"la-carencia-de-proteccion-en-los-desplazamientos-causa-ansiedad-en-el-83-de-los-habitantes-de-espana","status":"publish","type":"post","link":"https:\/\/dimensionturistica.com\/es\/la-carencia-de-proteccion-en-los-desplazamientos-causa-ansiedad-en-el-83-de-los-habitantes-de-espana\/","title":{"rendered":"La carencia de protecci\u00f3n en los desplazamientos causa ansiedad en el 83% de los habitantes de Espa\u00f1a."},"content":{"rendered":"<p>Explora el mundo con tranquilidad: la importancia de la cobertura en los viajes<\/p>\n<p>Viajar es una actividad que nos permite conocer nuevas culturas, vivir aventuras emocionantes y crear recuerdos inolvidables. Sin embargo, para disfrutar plenamente de esta experiencia, es fundamental contar con una cobertura adecuada que nos proteja ante cualquier imprevisto que pueda surgir durante el viaje.<\/p>\n<p>Seg\u00fan un reciente estudio, el 83% de los espa\u00f1oles se\u00f1ala que la falta de cobertura en los viajes les produce estr\u00e9s. Esto incluye desde la cancelaci\u00f3n de vuelos o p\u00e9rdida de equipaje, hasta enfermedades o accidentes en el extranjero. Contar con un seguro de viaje puede marcar la diferencia entre disfrutar plenamente de tus vacaciones o enfrentarte a problemas que arruinen tu experiencia.<\/p>\n<p>Adem\u00e1s de la tranquilidad que brinda saber que est\u00e1s protegido en caso de cualquier eventualidad, la cobertura en los viajes tambi\u00e9n te permite acceder a servicios de asistencia m\u00e9dica, repatriaci\u00f3n, compensaci\u00f3n por retrasos o cancelaciones de vuelos, entre otros beneficios. De esta manera, puedes disfrutar de tu viaje sin preocupaciones y dedicarte a explorar y disfrutar al m\u00e1ximo cada destino.<\/p>\n<p>Por eso, antes de emprender tu pr\u00f3xima aventura, aseg\u00farate de contratar un seguro de viaje que se ajuste a tus necesidades y las de tus acompa\u00f1antes. Inf\u00f3rmate sobre las coberturas que ofrece y verifica que incluya asistencia m\u00e9dica las 24 horas, cobertura en caso de cancelaci\u00f3n de vuelos, p\u00e9rdida de equipaje y repatriaci\u00f3n en caso de emergencia.<\/p>\n<p>Recuerda que viajar es una experiencia maravillosa que debe ser disfrutada al m\u00e1ximo. No permitas que la falta de cobertura arruine tus planes y opta por viajar con tranquilidad sabiendo que est\u00e1s protegido en caso de cualquier imprevisto. \u00a1Explora el mundo con seguridad y disfruta al m\u00e1ximo cada momento de tu viaje!<\/p>\n<p><em> &#8221; Sources prnoticias.com &#8221; <\/em><\/p>\n<p><em> &#8221; Fuentes prnoticias.com &#8221; <\/em><\/p>\n","protected":false},"excerpt":{"rendered":"<p>Explora el mundo con tranquilidad: la importancia de la cobertura en los viajes Viajar es una actividad que nos permite conocer nuevas culturas, vivir aventuras emocionantes y crear recuerdos inolvidables. Sin embargo, para disfrutar plenamente de esta experiencia, es fundamental contar con una cobertura adecuada que nos proteja ante cualquier imprevisto que pueda surgir durante [&hellip;]<\/p>\n","protected":false},"author":4,"featured_media":0,"comment_status":"open","ping_status":"closed","sticky":false,"template":"","format":"standard","meta":{"om_disable_all_campaigns":false,"jnews-multi-image_gallery":[],"jnews_single_post":[],"jnews_primary_category":[],"jnews_social_meta":[],"footnotes":""},"categories":[39],"tags":[2595,5684,26653,545],"class_list":["post-756776","post","type-post","status-publish","format-standard","hentry","category-viajes","tag-cobertura","tag-espanoles","tag-estres","tag-viajes"],"_links":{"self":[{"href":"https:\/\/dimensionturistica.com\/es\/wp-json\/wp\/v2\/posts\/756776","targetHints":{"allow":["GET"]}}],"collection":[{"href":"https:\/\/dimensionturistica.com\/es\/wp-json\/wp\/v2\/posts"}],"about":[{"href":"https:\/\/dimensionturistica.com\/es\/wp-json\/wp\/v2\/types\/post"}],"author":[{"embeddable":true,"href":"https:\/\/dimensionturistica.com\/es\/wp-json\/wp\/v2\/users\/4"}],"replies":[{"embeddable":true,"href":"https:\/\/dimensionturistica.com\/es\/wp-json\/wp\/v2\/comments?post=756776"}],"version-history":[{"count":0,"href":"https:\/\/dimensionturistica.com\/es\/wp-json\/wp\/v2\/posts\/756776\/revisions"}],"wp:attachment":[{"href":"https:\/\/dimensionturistica.com\/es\/wp-json\/wp\/v2\/media?parent=756776"}],"wp:term":[{"taxonomy":"category","embeddable":true,"href":"https:\/\/dimensionturistica.com\/es\/wp-json\/wp\/v2\/categories?post=756776"},{"taxonomy":"post_tag","embeddable":true,"href":"https:\/\/dimensionturistica.com\/es\/wp-json\/wp\/v2\/tags?post=756776"}],"curies":[{"name":"wp","href":"https:\/\/api.w.org\/{rel}","templated":true}]}}