{"id":755719,"date":"2024-03-17T23:13:21","date_gmt":"2024-03-17T23:13:21","guid":{"rendered":"https:\/\/dimensionturistica.com\/es\/?p=755719"},"modified":"2024-03-17T23:13:21","modified_gmt":"2024-03-17T23:13:21","slug":"la-majestuosa-gruta-de-valporquero-vuelve-a-recibir-visitantes","status":"publish","type":"post","link":"https:\/\/dimensionturistica.com\/es\/la-majestuosa-gruta-de-valporquero-vuelve-a-recibir-visitantes\/","title":{"rendered":"La majestuosa gruta de Valporquero vuelve a recibir visitantes"},"content":{"rendered":"<p>Profundizando en las entra\u00f1as de la tierra: la fant\u00e1stica Cueva de Valporquero reabre sus puertas al p\u00fablico<\/p>\n<p>En lo m\u00e1s profundo de la monta\u00f1a, donde la luz natural apenas llega a dibujar sombras en las formaciones rocosas, se encuentra la incre\u00edble Cueva de Valporquero. Un aut\u00e9ntico tesoro subterr\u00e1neo que ha permanecido oculto durante millones de a\u00f1os, esperando pacientemente a ser descubierto por los intr\u00e9pidos viajeros que se aventuran a adentrarse en su misterioso interior.<\/p>\n<p>Tras un tiempo de silencio y oscuridad, la Cueva de Valporquero ha decidido abrir nuevamente sus puertas al p\u00fablico, permitiendo a los visitantes disfrutar de un espect\u00e1culo natural incomparable. Un recorrido fascinante a trav\u00e9s de galer\u00edas, estalactitas y estalagmitas que desaf\u00edan la imaginaci\u00f3n y muestran la magia de la naturaleza en su estado m\u00e1s puro.<\/p>\n<p>Caminar por los senderos iluminados que serpentean por la cueva es como adentrarse en un mundo paralelo, donde el tiempo se detiene y la belleza de la tierra se revela en todo su esplendor. Las formaciones calc\u00e1reas, esculpidas por el agua y el paso de los milenios, dan vida a figuras caprichosas que despiertan la curiosidad y la admiraci\u00f3n de quienes las contemplan.<\/p>\n<p>Pero la verdadera joya de la Cueva de Valporquero se encuentra en la Sala de Maravillas, un espacio m\u00e1gico donde la grandiosidad de la naturaleza alcanza su m\u00e1ximo esplendor. Un espect\u00e1culo de luces y sombras que deja sin aliento y deja una huella imborrable en la memoria de quienes tienen el privilegio de presenciarlo.<\/p>\n<p>Sum\u00e9rgete en las profundidades de la tierra y d\u00e9jate sorprender por la belleza oculta de la Cueva de Valporquero. Un viaje al coraz\u00f3n de la naturaleza que despertar\u00e1 todos tus sentidos y te transportar\u00e1 a un mundo de fantas\u00eda y asombro. \u00a1No te lo pierdas!<\/p>\n<p><em> &#8221; Sources viajes.nationalgeographic.com.es &#8221; <\/em><\/p>\n<p><em> &#8221; Fuentes viajes.nationalgeographic.com.es &#8221; <\/em><\/p>\n","protected":false},"excerpt":{"rendered":"<p>Profundizando en las entra\u00f1as de la tierra: la fant\u00e1stica Cueva de Valporquero reabre sus puertas al p\u00fablico En lo m\u00e1s profundo de la monta\u00f1a, donde la luz natural apenas llega a dibujar sombras en las formaciones rocosas, se encuentra la incre\u00edble Cueva de Valporquero. Un aut\u00e9ntico tesoro subterr\u00e1neo que ha permanecido oculto durante millones de [&hellip;]<\/p>\n","protected":false},"author":4,"featured_media":755720,"comment_status":"open","ping_status":"closed","sticky":false,"template":"","format":"standard","meta":{"om_disable_all_campaigns":false,"jnews-multi-image_gallery":[],"jnews_single_post":[],"jnews_primary_category":[],"jnews_social_meta":[],"footnotes":""},"categories":[39],"tags":[710,5683,6643,152243,5686,2189,1520,2859,5936,545],"class_list":["post-755719","post","type-post","status-publish","format-standard","has-post-thumbnail","hentry","category-viajes","tag-ciencia","tag-geographic","tag-historia","tag-la-fantastica-cueva-de-valporquero","tag-national","tag-naturaleza","tag-publico","tag-puertas","tag-reabre","tag-viajes"],"_links":{"self":[{"href":"https:\/\/dimensionturistica.com\/es\/wp-json\/wp\/v2\/posts\/755719","targetHints":{"allow":["GET"]}}],"collection":[{"href":"https:\/\/dimensionturistica.com\/es\/wp-json\/wp\/v2\/posts"}],"about":[{"href":"https:\/\/dimensionturistica.com\/es\/wp-json\/wp\/v2\/types\/post"}],"author":[{"embeddable":true,"href":"https:\/\/dimensionturistica.com\/es\/wp-json\/wp\/v2\/users\/4"}],"replies":[{"embeddable":true,"href":"https:\/\/dimensionturistica.com\/es\/wp-json\/wp\/v2\/comments?post=755719"}],"version-history":[{"count":0,"href":"https:\/\/dimensionturistica.com\/es\/wp-json\/wp\/v2\/posts\/755719\/revisions"}],"wp:featuredmedia":[{"embeddable":true,"href":"https:\/\/dimensionturistica.com\/es\/wp-json\/wp\/v2\/media\/755720"}],"wp:attachment":[{"href":"https:\/\/dimensionturistica.com\/es\/wp-json\/wp\/v2\/media?parent=755719"}],"wp:term":[{"taxonomy":"category","embeddable":true,"href":"https:\/\/dimensionturistica.com\/es\/wp-json\/wp\/v2\/categories?post=755719"},{"taxonomy":"post_tag","embeddable":true,"href":"https:\/\/dimensionturistica.com\/es\/wp-json\/wp\/v2\/tags?post=755719"}],"curies":[{"name":"wp","href":"https:\/\/api.w.org\/{rel}","templated":true}]}}