{"id":755284,"date":"2024-03-17T06:59:09","date_gmt":"2024-03-17T06:59:09","guid":{"rendered":"https:\/\/dimensionturistica.com\/es\/?p=755284"},"modified":"2024-03-17T06:59:09","modified_gmt":"2024-03-17T06:59:09","slug":"maximizando-el-impacto-del-turismo-durante-todo-el-ano","status":"publish","type":"post","link":"https:\/\/dimensionturistica.com\/es\/maximizando-el-impacto-del-turismo-durante-todo-el-ano\/","title":{"rendered":"Maximizando el impacto del turismo durante todo el a\u00f1o"},"content":{"rendered":"<p>\u00a1Descubre Barcelona todo el a\u00f1o con B-Travel!<\/p>\n<p>Barcelona es una ciudad que nunca deja de sorprender, con su arquitectura \u00fanica, su rica historia y su estilo de vida vibrante. Y ahora, gracias a B-Travel, podr\u00e1s disfrutar de todo lo que la ciudad tiene para ofrecer durante los doce meses del a\u00f1o.<\/p>\n<p>Esta feria de turismo, que se celebra anualmente en Barcelona, re\u00fane a profesionales del sector tur\u00edstico de todo el mundo para ofrecer nuevas experiencias a los viajeros. Desde destinos ex\u00f3ticos hasta escapadas urbanas, B-Travel tiene algo para todos.<\/p>\n<p>Pero lo que hace que B-Travel sea realmente especial es su enfoque en promover el turismo durante todo el a\u00f1o. En lugar de limitarse a promocionar las t\u00edpicas temporadas de vacaciones, esta feria destaca las diferentes actividades y eventos que Barcelona tiene para ofrecer en cada mes del a\u00f1o.<\/p>\n<p>\u00bfQuieres disfrutar de la playa en verano? Barcelona lo tiene. \u00bfPrefieres esquiar en invierno? Tambi\u00e9n puedes hacerlo. \u00bfTe gustar\u00eda asistir a festivales y eventos culturales durante la primavera y el oto\u00f1o? Barcelona tiene una amplia variedad para elegir.<\/p>\n<p>Desde degustaciones de vino hasta recorridos hist\u00f3ricos, desde conciertos al aire libre hasta experiencias gastron\u00f3micas \u00fanicas, B-Travel te ayudar\u00e1 a descubrir Barcelona en su m\u00e1xima expresi\u00f3n, durante todo el a\u00f1o.<\/p>\n<p>As\u00ed que no esperes m\u00e1s y \u00fanete a la aventura. Descubre Barcelona como nunca antes lo hab\u00edas hecho, gracias a B-Travel y su enfoque innovador en el turismo durante los doce meses del a\u00f1o. \u00a1Te aseguramos que no te arrepentir\u00e1s!<\/p>\n<p><em> &#8221; Sources www.lavanguardia.com &#8221; <\/em><\/p>\n<p><em> &#8221; Sources www.lavanguardia.com &#8221; <\/em><\/p>\n","protected":false},"excerpt":{"rendered":"<p>\u00a1Descubre Barcelona todo el a\u00f1o con B-Travel! Barcelona es una ciudad que nunca deja de sorprender, con su arquitectura \u00fanica, su rica historia y su estilo de vida vibrante. Y ahora, gracias a B-Travel, podr\u00e1s disfrutar de todo lo que la ciudad tiene para ofrecer durante los doce meses del a\u00f1o. Esta feria de turismo, [&hellip;]<\/p>\n","protected":false},"author":4,"featured_media":755285,"comment_status":"open","ping_status":"closed","sticky":false,"template":"","format":"standard","meta":{"om_disable_all_campaigns":false,"jnews-multi-image_gallery":[],"jnews_single_post":[],"jnews_primary_category":[],"jnews_social_meta":[],"footnotes":""},"categories":[40],"tags":[6765,685,152076],"class_list":["post-755284","post","type-post","status-publish","format-standard","has-post-thumbnail","hentry","category-industria","tag-tourism","tag-travel","tag-twelve-months"],"_links":{"self":[{"href":"https:\/\/dimensionturistica.com\/es\/wp-json\/wp\/v2\/posts\/755284","targetHints":{"allow":["GET"]}}],"collection":[{"href":"https:\/\/dimensionturistica.com\/es\/wp-json\/wp\/v2\/posts"}],"about":[{"href":"https:\/\/dimensionturistica.com\/es\/wp-json\/wp\/v2\/types\/post"}],"author":[{"embeddable":true,"href":"https:\/\/dimensionturistica.com\/es\/wp-json\/wp\/v2\/users\/4"}],"replies":[{"embeddable":true,"href":"https:\/\/dimensionturistica.com\/es\/wp-json\/wp\/v2\/comments?post=755284"}],"version-history":[{"count":0,"href":"https:\/\/dimensionturistica.com\/es\/wp-json\/wp\/v2\/posts\/755284\/revisions"}],"wp:featuredmedia":[{"embeddable":true,"href":"https:\/\/dimensionturistica.com\/es\/wp-json\/wp\/v2\/media\/755285"}],"wp:attachment":[{"href":"https:\/\/dimensionturistica.com\/es\/wp-json\/wp\/v2\/media?parent=755284"}],"wp:term":[{"taxonomy":"category","embeddable":true,"href":"https:\/\/dimensionturistica.com\/es\/wp-json\/wp\/v2\/categories?post=755284"},{"taxonomy":"post_tag","embeddable":true,"href":"https:\/\/dimensionturistica.com\/es\/wp-json\/wp\/v2\/tags?post=755284"}],"curies":[{"name":"wp","href":"https:\/\/api.w.org\/{rel}","templated":true}]}}