{"id":754026,"date":"2024-03-15T13:11:44","date_gmt":"2024-03-15T13:11:44","guid":{"rendered":"https:\/\/dimensionturistica.com\/es\/?p=754026"},"modified":"2024-03-15T13:11:44","modified_gmt":"2024-03-15T13:11:44","slug":"participacion-de-sagunto-en-importante-feria-de-turismo-en-barcelona","status":"publish","type":"post","link":"https:\/\/dimensionturistica.com\/es\/participacion-de-sagunto-en-importante-feria-de-turismo-en-barcelona\/","title":{"rendered":"Participaci\u00f3n de Sagunto en importante feria de turismo en Barcelona"},"content":{"rendered":"<p>La delegaci\u00f3n de Turismo de Sagunto participa en la 31\u00aa edici\u00f3n de la Feria Nacional B-Travel 2024 de Barcelona<\/p>\n<p>Este fin de semana, la delegaci\u00f3n de Turismo de Sagunto ha tenido el placer de participar en la prestigiosa Feria Nacional B-Travel 2024, celebrada en la ciudad de Barcelona. Durante tres d\u00edas, nuestro equipo tuvo la oportunidad de mostrar las maravillas que ofrece Sagunto a todos los visitantes que se acercaron a nuestro stand.<\/p>\n<p>Sagunto, ubicado en la Comunidad Valenciana, es un destino tur\u00edstico en auge que cuenta con un rico patrimonio hist\u00f3rico y cultural. Entre sus principales atractivos se encuentran el Castillo de Sagunto, el Teatro Romano, la Playa de Canet d&#8217;en Berenguer y la Sierra Calderona. Adem\u00e1s, la gastronom\u00eda local es de destacar, con platos tradicionales como la paella valenciana, la horchata y los fartons.<\/p>\n<p>Durante la feria, nuestro equipo de Turismo ofreci\u00f3 informaci\u00f3n detallada sobre los diferentes eventos culturales que se celebran en Sagunto a lo largo del a\u00f1o, as\u00ed como las actividades al aire libre que se pueden realizar en la zona. Tambi\u00e9n se promocionaron los alojamientos tur\u00edsticos, restaurantes y comercios locales, con el objetivo de animar a los visitantes a disfrutar de una experiencia completa en nuestro municipio.<\/p>\n<p>La participaci\u00f3n de Sagunto en la Feria Nacional B-Travel 2024 ha sido todo un \u00e9xito, ya que hemos logrado captar el inter\u00e9s de numerosos visitantes que se han mostrado encantados con la oferta tur\u00edstica de nuestra ciudad. Sin lugar a dudas, Sagunto se consolida como un destino tur\u00edstico de referencia en la Comunidad Valenciana, ofreciendo a los viajeros una experiencia \u00fanica y enriquecedora.<\/p>\n<p>\u00a1Ven a descubrir Sagunto y d\u00e9jate seducir por todo lo que tiene para ofrecerte! Te esperamos con los brazos abiertos para que disfrutes de unas vacaciones inolvidables en un entorno lleno de historia, cultura y belleza natural. \u00a1No te arrepentir\u00e1s de visitar Sagunto, un tesoro por descubrir en la costa valenciana!<\/p>\n<p><em> &#8221; Sources aytosagunto.es &#8221; <\/em><\/p>\n<p><em> &#8221; Sources aytosagunto.es &#8221; <\/em><\/p>\n","protected":false},"excerpt":{"rendered":"<p>La delegaci\u00f3n de Turismo de Sagunto participa en la 31\u00aa edici\u00f3n de la Feria Nacional B-Travel 2024 de Barcelona Este fin de semana, la delegaci\u00f3n de Turismo de Sagunto ha tenido el placer de participar en la prestigiosa Feria Nacional B-Travel 2024, celebrada en la ciudad de Barcelona. Durante tres d\u00edas, nuestro equipo tuvo la [&hellip;]<\/p>\n","protected":false},"author":4,"featured_media":754027,"comment_status":"open","ping_status":"closed","sticky":false,"template":"","format":"standard","meta":{"om_disable_all_campaigns":false,"jnews-multi-image_gallery":[],"jnews_single_post":[],"jnews_primary_category":[],"jnews_social_meta":[],"footnotes":""},"categories":[40],"tags":[151554,151092,2917,151555,151553,1414,21904],"class_list":["post-754026","post","type-post","status-publish","format-standard","has-post-thumbnail","hentry","category-industria","tag-31a-edicion","tag-b-travel-2024","tag-barcelona","tag-feria-nacional","tag-la-delegacion-de-turismo","tag-participa","tag-sagunto"],"_links":{"self":[{"href":"https:\/\/dimensionturistica.com\/es\/wp-json\/wp\/v2\/posts\/754026","targetHints":{"allow":["GET"]}}],"collection":[{"href":"https:\/\/dimensionturistica.com\/es\/wp-json\/wp\/v2\/posts"}],"about":[{"href":"https:\/\/dimensionturistica.com\/es\/wp-json\/wp\/v2\/types\/post"}],"author":[{"embeddable":true,"href":"https:\/\/dimensionturistica.com\/es\/wp-json\/wp\/v2\/users\/4"}],"replies":[{"embeddable":true,"href":"https:\/\/dimensionturistica.com\/es\/wp-json\/wp\/v2\/comments?post=754026"}],"version-history":[{"count":0,"href":"https:\/\/dimensionturistica.com\/es\/wp-json\/wp\/v2\/posts\/754026\/revisions"}],"wp:featuredmedia":[{"embeddable":true,"href":"https:\/\/dimensionturistica.com\/es\/wp-json\/wp\/v2\/media\/754027"}],"wp:attachment":[{"href":"https:\/\/dimensionturistica.com\/es\/wp-json\/wp\/v2\/media?parent=754026"}],"wp:term":[{"taxonomy":"category","embeddable":true,"href":"https:\/\/dimensionturistica.com\/es\/wp-json\/wp\/v2\/categories?post=754026"},{"taxonomy":"post_tag","embeddable":true,"href":"https:\/\/dimensionturistica.com\/es\/wp-json\/wp\/v2\/tags?post=754026"}],"curies":[{"name":"wp","href":"https:\/\/api.w.org\/{rel}","templated":true}]}}