{"id":753545,"date":"2024-03-14T19:22:57","date_gmt":"2024-03-14T19:22:57","guid":{"rendered":"https:\/\/dimensionturistica.com\/es\/?p=753545"},"modified":"2024-03-14T19:22:57","modified_gmt":"2024-03-14T19:22:57","slug":"descubra-el-dia-mas-barato-para-viajar-en-semana-santa-2024","status":"publish","type":"post","link":"https:\/\/dimensionturistica.com\/es\/descubra-el-dia-mas-barato-para-viajar-en-semana-santa-2024\/","title":{"rendered":"Descubra el d\u00eda m\u00e1s barato para viajar en Semana Santa 2024"},"content":{"rendered":"<p>Se acerca la Semana Santa 2024 y muchos ya est\u00e1n planeando sus merecidas vacaciones. Sin embargo, para aquellos que buscan ahorrar un poco de dinero en sus viajes, es importante conocer cu\u00e1l es el d\u00eda m\u00e1s econ\u00f3mico para viajar en esta temporada tan concurrida.<\/p>\n<p>De acuerdo con expertos en turismo, el d\u00eda m\u00e1s econ\u00f3mico para viajar durante la Semana Santa 2024 es el jueves santo. Esto se debe a que la demanda de vuelos y paquetes tur\u00edsticos suele disminuir en este d\u00eda, lo que resulta en precios m\u00e1s accesibles para los viajeros.<\/p>\n<p>Adem\u00e1s, viajar el jueves santo tambi\u00e9n tiene la ventaja de permitir a los turistas evitar las aglomeraciones t\u00edpicas de la Semana Santa, ya que muchos optan por viajar en d\u00edas previos como el mi\u00e9rcoles santo o el viernes santo.<\/p>\n<p>Por otro lado, aquellos que prefieren disfrutar de destinos tur\u00edsticos m\u00e1s tranquilos y menos concurridos, pueden optar por viajar durante la Semana Santa en destinos menos tradicionales. Lugares como la costa pac\u00edfica colombiana o la regi\u00f3n andina del pa\u00eds ofrecen una experiencia \u00fanica y diferente, alejada de las multitudes de turistas que suelen inundar destinos m\u00e1s populares.<\/p>\n<p>En conclusi\u00f3n, si est\u00e1s planeando un viaje para Semana Santa 2024 y buscas ahorrar dinero, considera viajar el jueves santo y explorar destinos menos convencionales. \u00a1La aventura te espera!<\/p>\n<p><em> &#8221; Sources www.infobae.com &#8221; <\/em><\/p>\n<p><em> &#8221; Fuentes www.infobae.com &#8221; <\/em><\/p>\n","protected":false},"excerpt":{"rendered":"<p>Se acerca la Semana Santa 2024 y muchos ya est\u00e1n planeando sus merecidas vacaciones. Sin embargo, para aquellos que buscan ahorrar un poco de dinero en sus viajes, es importante conocer cu\u00e1l es el d\u00eda m\u00e1s econ\u00f3mico para viajar en esta temporada tan concurrida. De acuerdo con expertos en turismo, el d\u00eda m\u00e1s econ\u00f3mico para [&hellip;]<\/p>\n","protected":false},"author":4,"featured_media":753546,"comment_status":"open","ping_status":"closed","sticky":false,"template":"","format":"standard","meta":{"om_disable_all_campaigns":false,"jnews-multi-image_gallery":[],"jnews_single_post":[],"jnews_primary_category":[],"jnews_social_meta":[],"footnotes":""},"categories":[39],"tags":[6495,10743,2946,790],"class_list":["post-753545","post","type-post","status-publish","format-standard","has-post-thumbnail","hentry","category-viajes","tag-6495","tag-economico","tag-semana-santa","tag-viajar"],"_links":{"self":[{"href":"https:\/\/dimensionturistica.com\/es\/wp-json\/wp\/v2\/posts\/753545","targetHints":{"allow":["GET"]}}],"collection":[{"href":"https:\/\/dimensionturistica.com\/es\/wp-json\/wp\/v2\/posts"}],"about":[{"href":"https:\/\/dimensionturistica.com\/es\/wp-json\/wp\/v2\/types\/post"}],"author":[{"embeddable":true,"href":"https:\/\/dimensionturistica.com\/es\/wp-json\/wp\/v2\/users\/4"}],"replies":[{"embeddable":true,"href":"https:\/\/dimensionturistica.com\/es\/wp-json\/wp\/v2\/comments?post=753545"}],"version-history":[{"count":0,"href":"https:\/\/dimensionturistica.com\/es\/wp-json\/wp\/v2\/posts\/753545\/revisions"}],"wp:featuredmedia":[{"embeddable":true,"href":"https:\/\/dimensionturistica.com\/es\/wp-json\/wp\/v2\/media\/753546"}],"wp:attachment":[{"href":"https:\/\/dimensionturistica.com\/es\/wp-json\/wp\/v2\/media?parent=753545"}],"wp:term":[{"taxonomy":"category","embeddable":true,"href":"https:\/\/dimensionturistica.com\/es\/wp-json\/wp\/v2\/categories?post=753545"},{"taxonomy":"post_tag","embeddable":true,"href":"https:\/\/dimensionturistica.com\/es\/wp-json\/wp\/v2\/tags?post=753545"}],"curies":[{"name":"wp","href":"https:\/\/api.w.org\/{rel}","templated":true}]}}