{"id":750800,"date":"2024-03-11T09:16:01","date_gmt":"2024-03-11T09:16:01","guid":{"rendered":"https:\/\/dimensionturistica.com\/es\/?p=750800"},"modified":"2024-03-11T09:16:01","modified_gmt":"2024-03-11T09:16:01","slug":"ryanair-y-logitravel-se-unen-para-ofrecer-paquetes-vacacionales-al-mejor-precio","status":"publish","type":"post","link":"https:\/\/dimensionturistica.com\/es\/ryanair-y-logitravel-se-unen-para-ofrecer-paquetes-vacacionales-al-mejor-precio\/","title":{"rendered":"Ryanair y Logitravel se unen para ofrecer paquetes vacacionales al mejor precio."},"content":{"rendered":"<p>Ryanair, una de las aerol\u00edneas de bajo costo m\u00e1s populares de Europa, ha anunciado una emocionante asociaci\u00f3n con la reconocida agencia de viajes Logitravel. Esta colaboraci\u00f3n promete ofrecer a los viajeros una experiencia \u00fanica al momento de planificar sus pr\u00f3ximas vacaciones.<\/p>\n<p>Con esta alianza, los pasajeros de Ryanair tendr\u00e1n acceso a una amplia gama de opciones de reservas de hoteles, alquiler de autos y paquetes de viaje a trav\u00e9s de la plataforma en l\u00ednea de Logitravel. Esto significa que ahora podr\u00e1n organizar todos los aspectos de su viaje de manera conveniente y f\u00e1cil, todo en un solo lugar.<\/p>\n<p>Adem\u00e1s, los clientes de Ryanair se beneficiar\u00e1n de precios especiales y promociones exclusivas al reservar a trav\u00e9s de Logitravel. Esto les permitir\u00e1 ahorrar dinero y al mismo tiempo disfrutar de una experiencia de viaje de alta calidad a precios asequibles.<\/p>\n<p>Esta asociaci\u00f3n tambi\u00e9n representa una excelente oportunidad para que los viajeros descubran destinos incre\u00edbles en Europa y m\u00e1s all\u00e1. Con la red de rutas de Ryanair y la experiencia en planificaci\u00f3n de viajes de Logitravel, los aventureros podr\u00e1n explorar nuevos lugares de una manera sencilla y sin complicaciones.<\/p>\n<p>En resumen, la colaboraci\u00f3n entre Ryanair y Logitravel promete revolucionar la forma en que los viajeros planifican y disfrutan de sus vacaciones. Con la combinaci\u00f3n de precios asequibles, conveniencia y una amplia variedad de opciones, esta asociaci\u00f3n sin duda har\u00e1 que el proceso de viajar sea m\u00e1s placentero y emocionante para todos aquellos que deseen explorar el mundo. \u00a1No te pierdas esta oportunidad de vivir nuevas aventuras y descubrir lugares espectaculares con Ryanair y Logitravel!<\/p>\n<p><em> &#8221; Sources a21.com.mx &#8221; <\/em><\/p>\n<p><em> &#8221; Fuentes a21.com.mx &#8221; <\/em><\/p>\n","protected":false},"excerpt":{"rendered":"<p>Ryanair, una de las aerol\u00edneas de bajo costo m\u00e1s populares de Europa, ha anunciado una emocionante asociaci\u00f3n con la reconocida agencia de viajes Logitravel. Esta colaboraci\u00f3n promete ofrecer a los viajeros una experiencia \u00fanica al momento de planificar sus pr\u00f3ximas vacaciones. Con esta alianza, los pasajeros de Ryanair tendr\u00e1n acceso a una amplia gama de [&hellip;]<\/p>\n","protected":false},"author":4,"featured_media":750801,"comment_status":"open","ping_status":"closed","sticky":false,"template":"","format":"standard","meta":{"om_disable_all_campaigns":false,"jnews-multi-image_gallery":[],"jnews_single_post":[],"jnews_primary_category":[],"jnews_social_meta":[],"footnotes":""},"categories":[39],"tags":[1181,2657,18124,7972],"class_list":["post-750800","post","type-post","status-publish","format-standard","has-post-thumbnail","hentry","category-viajes","tag-agencia-de-viajes","tag-asociacion","tag-logitravel","tag-ryanair"],"_links":{"self":[{"href":"https:\/\/dimensionturistica.com\/es\/wp-json\/wp\/v2\/posts\/750800","targetHints":{"allow":["GET"]}}],"collection":[{"href":"https:\/\/dimensionturistica.com\/es\/wp-json\/wp\/v2\/posts"}],"about":[{"href":"https:\/\/dimensionturistica.com\/es\/wp-json\/wp\/v2\/types\/post"}],"author":[{"embeddable":true,"href":"https:\/\/dimensionturistica.com\/es\/wp-json\/wp\/v2\/users\/4"}],"replies":[{"embeddable":true,"href":"https:\/\/dimensionturistica.com\/es\/wp-json\/wp\/v2\/comments?post=750800"}],"version-history":[{"count":0,"href":"https:\/\/dimensionturistica.com\/es\/wp-json\/wp\/v2\/posts\/750800\/revisions"}],"wp:featuredmedia":[{"embeddable":true,"href":"https:\/\/dimensionturistica.com\/es\/wp-json\/wp\/v2\/media\/750801"}],"wp:attachment":[{"href":"https:\/\/dimensionturistica.com\/es\/wp-json\/wp\/v2\/media?parent=750800"}],"wp:term":[{"taxonomy":"category","embeddable":true,"href":"https:\/\/dimensionturistica.com\/es\/wp-json\/wp\/v2\/categories?post=750800"},{"taxonomy":"post_tag","embeddable":true,"href":"https:\/\/dimensionturistica.com\/es\/wp-json\/wp\/v2\/tags?post=750800"}],"curies":[{"name":"wp","href":"https:\/\/api.w.org\/{rel}","templated":true}]}}