{"id":748705,"date":"2024-03-08T09:57:54","date_gmt":"2024-03-08T09:57:54","guid":{"rendered":"https:\/\/dimensionturistica.com\/es\/?p=748705"},"modified":"2024-03-08T09:57:54","modified_gmt":"2024-03-08T09:57:54","slug":"las-excelentes-perspectivas-de-andalucia-como-destino-turistico-en-alemania","status":"publish","type":"post","link":"https:\/\/dimensionturistica.com\/es\/las-excelentes-perspectivas-de-andalucia-como-destino-turistico-en-alemania\/","title":{"rendered":"Las excelentes perspectivas de Andaluc\u00eda como destino tur\u00edstico en Alemania"},"content":{"rendered":"<p>Andaluc\u00eda es uno de los destinos tur\u00edsticos m\u00e1s populares de Espa\u00f1a, conocida por sus impresionantes playas, su deliciosa gastronom\u00eda y su rica historia. Recientemente, la regi\u00f3n tuvo una destacada presencia en la Feria Internacional de Turismo de Berl\u00edn (ITB), el evento m\u00e1s importante del sector en Europa.<\/p>\n<p>Durante la feria, Andaluc\u00eda present\u00f3 sus \u00faltimos desarrollos tur\u00edsticos y sus planes para el futuro, generando buenas expectativas entre los visitantes alemanes. Con un stand lleno de color y folletos informativos, la regi\u00f3n destac\u00f3 su diversidad de ofertas tur\u00edsticas, desde la ciudad de Sevilla con su arquitectura impresionante, hasta la Costa del Sol con sus playas de arena dorada.<\/p>\n<p>Los representantes de Andaluc\u00eda en la ITB resaltaron la importancia del mercado alem\u00e1n para el turismo en la regi\u00f3n, destacando el inter\u00e9s de los alemanes por el sol, la gastronom\u00eda y la cultura andaluza. Adem\u00e1s, se enfocaron en promover la sostenibilidad y la responsabilidad social en el turismo, mostrando el compromiso de la regi\u00f3n con la preservaci\u00f3n del medio ambiente y la comunidad local.<\/p>\n<p>Con la llegada de la primavera y el verano, Andaluc\u00eda se prepara para recibir a miles de turistas alemanes que buscan disfrutar de sus vacaciones en un lugar \u00fanico y lleno de encanto. Desde las impresionantes catedrales de Granada hasta los pintorescos pueblos blancos de la Sierra de Grazalema, la regi\u00f3n ofrece una variedad de experiencias que conquistan el coraz\u00f3n de cualquier viajero.<\/p>\n<p>No es de sorprender que las expectativas del destino Andaluc\u00eda en Alemania sean tan positivas. Con un clima envidiable, una oferta tur\u00edstica diversa y una hospitalidad inigualable, la regi\u00f3n promete satisfacer las necesidades de los turistas m\u00e1s exigentes. As\u00ed que, si est\u00e1s planeando tu pr\u00f3ximo viaje, no dudes en incluir a Andaluc\u00eda en tu lista de destinos. \u00a1Te aseguramos que no te arrepentir\u00e1s!<\/p>\n<p><em> &#8221; Sources www.inoutviajes.com &#8221; <\/em><\/p>\n<p><em> &#8221; Sources www.inoutviajes.com &#8221; <\/em><\/p>\n","protected":false},"excerpt":{"rendered":"<p>Andaluc\u00eda es uno de los destinos tur\u00edsticos m\u00e1s populares de Espa\u00f1a, conocida por sus impresionantes playas, su deliciosa gastronom\u00eda y su rica historia. Recientemente, la regi\u00f3n tuvo una destacada presencia en la Feria Internacional de Turismo de Berl\u00edn (ITB), el evento m\u00e1s importante del sector en Europa. Durante la feria, Andaluc\u00eda present\u00f3 sus \u00faltimos desarrollos [&hellip;]<\/p>\n","protected":false},"author":4,"featured_media":748706,"comment_status":"open","ping_status":"closed","sticky":false,"template":"","format":"standard","meta":{"om_disable_all_campaigns":false,"jnews-multi-image_gallery":[],"jnews_single_post":[],"jnews_primary_category":[],"jnews_social_meta":[],"footnotes":""},"categories":[40],"tags":[1482,1182,13096,4499,20933,548,101031,2711,19366,19266],"class_list":["post-748705","post","type-post","status-publish","format-standard","has-post-thumbnail","hentry","category-industria","tag-alemania","tag-andalucia","tag-berlin","tag-buenas","tag-buenas-expectativas","tag-destino","tag-destino-andalucia","tag-expectativas","tag-itb","tag-itb-berlin"],"_links":{"self":[{"href":"https:\/\/dimensionturistica.com\/es\/wp-json\/wp\/v2\/posts\/748705","targetHints":{"allow":["GET"]}}],"collection":[{"href":"https:\/\/dimensionturistica.com\/es\/wp-json\/wp\/v2\/posts"}],"about":[{"href":"https:\/\/dimensionturistica.com\/es\/wp-json\/wp\/v2\/types\/post"}],"author":[{"embeddable":true,"href":"https:\/\/dimensionturistica.com\/es\/wp-json\/wp\/v2\/users\/4"}],"replies":[{"embeddable":true,"href":"https:\/\/dimensionturistica.com\/es\/wp-json\/wp\/v2\/comments?post=748705"}],"version-history":[{"count":0,"href":"https:\/\/dimensionturistica.com\/es\/wp-json\/wp\/v2\/posts\/748705\/revisions"}],"wp:featuredmedia":[{"embeddable":true,"href":"https:\/\/dimensionturistica.com\/es\/wp-json\/wp\/v2\/media\/748706"}],"wp:attachment":[{"href":"https:\/\/dimensionturistica.com\/es\/wp-json\/wp\/v2\/media?parent=748705"}],"wp:term":[{"taxonomy":"category","embeddable":true,"href":"https:\/\/dimensionturistica.com\/es\/wp-json\/wp\/v2\/categories?post=748705"},{"taxonomy":"post_tag","embeddable":true,"href":"https:\/\/dimensionturistica.com\/es\/wp-json\/wp\/v2\/tags?post=748705"}],"curies":[{"name":"wp","href":"https:\/\/api.w.org\/{rel}","templated":true}]}}