{"id":748091,"date":"2024-03-07T13:19:54","date_gmt":"2024-03-07T13:19:54","guid":{"rendered":"https:\/\/dimensionturistica.com\/es\/?p=748091"},"modified":"2024-03-07T13:19:54","modified_gmt":"2024-03-07T13:19:54","slug":"gran-auge-en-reservas-de-destinos-turisticos-previo-a-semana-santa","status":"publish","type":"post","link":"https:\/\/dimensionturistica.com\/es\/gran-auge-en-reservas-de-destinos-turisticos-previo-a-semana-santa\/","title":{"rendered":"Gran auge en reservas de destinos tur\u00edsticos previo a Semana Santa"},"content":{"rendered":"<p>La Semana Santa est\u00e1 a la vuelta de la esquina y, como cada a\u00f1o, los viajeros ya est\u00e1n empezando a planificar sus escapadas. Seg\u00fan las \u00faltimas cifras, se ha producido una aut\u00e9ntica avalancha de reservas de viajes a destinos nacionales e internacionales, con un incremento significativo en comparaci\u00f3n con a\u00f1os anteriores.<\/p>\n<p>Las agencias de viajes se encuentran desbordadas por la demanda, con un aumento del 30% en las reservas en tan solo una semana. Y es que, despu\u00e9s de un a\u00f1o marcado por la pandemia, la gente est\u00e1 ansiosa por salir de casa y disfrutar de unas merecidas vacaciones.<\/p>\n<p>Los destinos m\u00e1s populares para esta Semana Santa son aquellos que ofrecen sol y playa, como las Islas Canarias, la Costa del Sol o el Caribe. Sin embargo, tambi\u00e9n hay un inter\u00e9s creciente por destinos de naturaleza y turismo rural, donde se puede disfrutar de la tranquilidad y el aire puro.<\/p>\n<p>Pero no todo son buenas noticias, ya que los precios de los viajes tambi\u00e9n han experimentado un ligero aumento debido a la alta demanda. Aun as\u00ed, los viajeros est\u00e1n dispuestos a invertir un poco m\u00e1s para garantizarse unas vacaciones inolvidables.<\/p>\n<p>En este sentido, es importante recordar la importancia de planificar con antelaci\u00f3n y reservar lo antes posible para asegurarse disponibilidad y conseguir las mejores ofertas. Tambi\u00e9n es recomendable tener en cuenta las medidas de seguridad y las restricciones vigentes en cada destino, para disfrutar de unas vacaciones seguras y sin contratiempos.<\/p>\n<p>En definitiva, la Semana Santa se presenta como el momento perfecto para desconectar, relajarse y disfrutar de nuevas experiencias. As\u00ed que no lo pienses m\u00e1s y empieza a planificar tu escapada, porque este a\u00f1o, m\u00e1s que nunca, \u00a1te la mereces!<\/p>\n<p><em> &#8221; Sources www.preferente.com &#8221; <\/em><\/p>\n<p><em> &#8221; Sources www.preferente.com &#8221; <\/em><\/p>\n","protected":false},"excerpt":{"rendered":"<p>La Semana Santa est\u00e1 a la vuelta de la esquina y, como cada a\u00f1o, los viajeros ya est\u00e1n empezando a planificar sus escapadas. Seg\u00fan las \u00faltimas cifras, se ha producido una aut\u00e9ntica avalancha de reservas de viajes a destinos nacionales e internacionales, con un incremento significativo en comparaci\u00f3n con a\u00f1os anteriores. Las agencias de viajes [&hellip;]<\/p>\n","protected":false},"author":4,"featured_media":748092,"comment_status":"open","ping_status":"closed","sticky":false,"template":"","format":"standard","meta":{"om_disable_all_campaigns":false,"jnews-multi-image_gallery":[],"jnews_single_post":[],"jnews_primary_category":[],"jnews_social_meta":[],"footnotes":""},"categories":[40],"tags":[569,705,1865,2946,545],"class_list":["post-748091","post","type-post","status-publish","format-standard","has-post-thumbnail","hentry","category-industria","tag-agencias-de-viajes","tag-noticias","tag-reservas","tag-semana-santa","tag-viajes"],"_links":{"self":[{"href":"https:\/\/dimensionturistica.com\/es\/wp-json\/wp\/v2\/posts\/748091","targetHints":{"allow":["GET"]}}],"collection":[{"href":"https:\/\/dimensionturistica.com\/es\/wp-json\/wp\/v2\/posts"}],"about":[{"href":"https:\/\/dimensionturistica.com\/es\/wp-json\/wp\/v2\/types\/post"}],"author":[{"embeddable":true,"href":"https:\/\/dimensionturistica.com\/es\/wp-json\/wp\/v2\/users\/4"}],"replies":[{"embeddable":true,"href":"https:\/\/dimensionturistica.com\/es\/wp-json\/wp\/v2\/comments?post=748091"}],"version-history":[{"count":0,"href":"https:\/\/dimensionturistica.com\/es\/wp-json\/wp\/v2\/posts\/748091\/revisions"}],"wp:featuredmedia":[{"embeddable":true,"href":"https:\/\/dimensionturistica.com\/es\/wp-json\/wp\/v2\/media\/748092"}],"wp:attachment":[{"href":"https:\/\/dimensionturistica.com\/es\/wp-json\/wp\/v2\/media?parent=748091"}],"wp:term":[{"taxonomy":"category","embeddable":true,"href":"https:\/\/dimensionturistica.com\/es\/wp-json\/wp\/v2\/categories?post=748091"},{"taxonomy":"post_tag","embeddable":true,"href":"https:\/\/dimensionturistica.com\/es\/wp-json\/wp\/v2\/tags?post=748091"}],"curies":[{"name":"wp","href":"https:\/\/api.w.org\/{rel}","templated":true}]}}