{"id":747927,"date":"2024-03-07T07:19:43","date_gmt":"2024-03-07T07:19:43","guid":{"rendered":"https:\/\/dimensionturistica.com\/es\/?p=747927"},"modified":"2024-03-07T07:19:43","modified_gmt":"2024-03-07T07:19:43","slug":"empresas-del-sector-aereo-destacan-el-potencial-turistico-de-andalucia-en-el-mercado-aleman","status":"publish","type":"post","link":"https:\/\/dimensionturistica.com\/es\/empresas-del-sector-aereo-destacan-el-potencial-turistico-de-andalucia-en-el-mercado-aleman\/","title":{"rendered":"Empresas del sector a\u00e9reo destacan el potencial tur\u00edstico de Andaluc\u00eda en el mercado alem\u00e1n"},"content":{"rendered":"<p>Andaluc\u00eda: el destino tur\u00edstico preferido de los alemanes<\/p>\n<p>En los \u00faltimos a\u00f1os, Andaluc\u00eda se ha posicionado como uno de los destinos tur\u00edsticos m\u00e1s populares de Espa\u00f1a, atrayendo a millones de visitantes de todo el mundo. Y parece que este \u00e9xito continuar\u00e1 en el futuro cercano, seg\u00fan los operadores y aerol\u00edneas que han confirmado las buenas expectativas para esta regi\u00f3n en Alemania.<\/p>\n<p>Con sus impresionantes playas, su rica historia y su deliciosa gastronom\u00eda, Andaluc\u00eda ofrece una experiencia \u00fanica que no se encuentra en ning\u00fan otro lugar. Desde las bulliciosas calles de Sevilla hasta los pintorescos pueblos blancos de la sierra, cada rinc\u00f3n de esta regi\u00f3n est\u00e1 lleno de encanto y belleza.<\/p>\n<p>Adem\u00e1s, Andaluc\u00eda cuenta con una amplia oferta de actividades para todos los gustos. Los amantes de la naturaleza pueden disfrutar de rutas de senderismo en la Sierra de Grazalema, mientras que aquellos interesados en la historia y la cultura pueden visitar la Alhambra de Granada o la Mezquita-Catedral de C\u00f3rdoba.<\/p>\n<p>Pero no solo la oferta tur\u00edstica es atractiva, sino tambi\u00e9n la facilidad de acceso a la regi\u00f3n desde Alemania. Con vuelos directos desde ciudades como Berl\u00edn, Frankfurt o M\u00fanich, los turistas alemanes pueden llegar a Andaluc\u00eda en tan solo unas pocas horas, lo que hace que sea un destino ideal para escapadas cortas o vacaciones m\u00e1s largas.<\/p>\n<p>Adem\u00e1s, la hospitalidad y amabilidad de los andaluces hacen que los visitantes se sientan como en casa desde el primer momento. La calidez de su gente, junto con el clima soleado y la deliciosa comida, convierten a Andaluc\u00eda en un lugar verdaderamente especial que deja una huella imborrable en todos los que la visitan.<\/p>\n<p>En resumen, Andaluc\u00eda se consolida como el destino tur\u00edstico preferido de los alemanes, ofreciendo una combinaci\u00f3n perfecta de historia, cultura, naturaleza y gastronom\u00eda. As\u00ed que si est\u00e1s pensando en tu pr\u00f3ximo viaje, no dudes en incluir esta maravillosa regi\u00f3n en tu lista de destinos imprescindibles. \u00a1No te arrepentir\u00e1s!<\/p>\n<p><em> &#8221; Sources alsoldelacosta.com &#8221; <\/em><\/p>\n<p><em> &#8221; Sources alsoldelacosta.com &#8221; <\/em><\/p>\n","protected":false},"excerpt":{"rendered":"<p>Andaluc\u00eda: el destino tur\u00edstico preferido de los alemanes En los \u00faltimos a\u00f1os, Andaluc\u00eda se ha posicionado como uno de los destinos tur\u00edsticos m\u00e1s populares de Espa\u00f1a, atrayendo a millones de visitantes de todo el mundo. Y parece que este \u00e9xito continuar\u00e1 en el futuro cercano, seg\u00fan los operadores y aerol\u00edneas que han confirmado las buenas [&hellip;]<\/p>\n","protected":false},"author":4,"featured_media":747928,"comment_status":"open","ping_status":"closed","sticky":false,"template":"","format":"standard","meta":{"om_disable_all_campaigns":false,"jnews-multi-image_gallery":[],"jnews_single_post":[],"jnews_primary_category":[],"jnews_social_meta":[],"footnotes":""},"categories":[40],"tags":[803,1482,1182,20933,149160,5049,544],"class_list":["post-747927","post","type-post","status-publish","format-standard","has-post-thumbnail","hentry","category-industria","tag-aerolineas","tag-alemania","tag-andalucia","tag-buenas-expectativas","tag-itb-berlu00edn-2024","tag-operadores","tag-turismo"],"_links":{"self":[{"href":"https:\/\/dimensionturistica.com\/es\/wp-json\/wp\/v2\/posts\/747927","targetHints":{"allow":["GET"]}}],"collection":[{"href":"https:\/\/dimensionturistica.com\/es\/wp-json\/wp\/v2\/posts"}],"about":[{"href":"https:\/\/dimensionturistica.com\/es\/wp-json\/wp\/v2\/types\/post"}],"author":[{"embeddable":true,"href":"https:\/\/dimensionturistica.com\/es\/wp-json\/wp\/v2\/users\/4"}],"replies":[{"embeddable":true,"href":"https:\/\/dimensionturistica.com\/es\/wp-json\/wp\/v2\/comments?post=747927"}],"version-history":[{"count":0,"href":"https:\/\/dimensionturistica.com\/es\/wp-json\/wp\/v2\/posts\/747927\/revisions"}],"wp:featuredmedia":[{"embeddable":true,"href":"https:\/\/dimensionturistica.com\/es\/wp-json\/wp\/v2\/media\/747928"}],"wp:attachment":[{"href":"https:\/\/dimensionturistica.com\/es\/wp-json\/wp\/v2\/media?parent=747927"}],"wp:term":[{"taxonomy":"category","embeddable":true,"href":"https:\/\/dimensionturistica.com\/es\/wp-json\/wp\/v2\/categories?post=747927"},{"taxonomy":"post_tag","embeddable":true,"href":"https:\/\/dimensionturistica.com\/es\/wp-json\/wp\/v2\/tags?post=747927"}],"curies":[{"name":"wp","href":"https:\/\/api.w.org\/{rel}","templated":true}]}}