{"id":747777,"date":"2024-03-07T00:44:43","date_gmt":"2024-03-07T00:44:43","guid":{"rendered":"https:\/\/dimensionturistica.com\/es\/?p=747777"},"modified":"2024-03-07T00:44:43","modified_gmt":"2024-03-07T00:44:43","slug":"los-destinos-costeros-se-destacan-en-reservas-para-la-semana-santa","status":"publish","type":"post","link":"https:\/\/dimensionturistica.com\/es\/los-destinos-costeros-se-destacan-en-reservas-para-la-semana-santa\/","title":{"rendered":"Los destinos costeros se destacan en reservas para la Semana Santa"},"content":{"rendered":"<p>Se acerca la Semana Santa y con ella la oportunidad perfecta para escapar de la rutina diaria y disfrutar de unas merecidas vacaciones. Si a\u00fan no tienes planes, no te preocupes, porque en este art\u00edculo te traemos los destinos m\u00e1s populares para viajar en esta temporada.<\/p>\n<p>Los destinos playeros lideran en reservas, y no es de extra\u00f1ar, ya que nada se compara con relajarse en una hermosa playa bajo el c\u00e1lido sol. Lugares como Canc\u00fan, Puerto Vallarta, y Punta Cana son algunas de las opciones m\u00e1s buscadas por los turistas que buscan desconectar y recargar energ\u00edas.<\/p>\n<p>Pero si prefieres algo m\u00e1s cultural y con historia, ciudades como Madrid, Roma y Lisboa te est\u00e1n esperando con sus impresionantes monumentos, museos y tradiciones. No hay nada como pasear por las calles empedradas de una ciudad antigua y descubrir sus secretos.<\/p>\n<p>Para los amantes de la naturaleza, destinos como Costa Rica, Bali y Haw\u00e1i ofrecen una experiencia \u00fanica en contacto con la biodiversidad y los paisajes exuberantes. Desde caminatas por la selva hasta buceo en arrecifes de coral, hay actividades para todos los gustos.<\/p>\n<p>Sea cual sea tu preferencia, lo importante es aprovechar al m\u00e1ximo estos d\u00edas de descanso y disfrutar al m\u00e1ximo de cada momento. As\u00ed que no lo pienses m\u00e1s y elige el destino que m\u00e1s te llame la atenci\u00f3n, porque unas vacaciones inolvidables te esperan en Semana Santa. \u00a1No te lo pierdas!<\/p>\n<p><em> &#8221; Sources www.diariodelcesar.com &#8221; <\/em><\/p>\n<p><em> &#8221; Sources www.diariodelcesar.com &#8221; <\/em><\/p>\n","protected":false},"excerpt":{"rendered":"<p>Se acerca la Semana Santa y con ella la oportunidad perfecta para escapar de la rutina diaria y disfrutar de unas merecidas vacaciones. Si a\u00fan no tienes planes, no te preocupes, porque en este art\u00edculo te traemos los destinos m\u00e1s populares para viajar en esta temporada. Los destinos playeros lideran en reservas, y no es [&hellip;]<\/p>\n","protected":false},"author":4,"featured_media":747778,"comment_status":"open","ping_status":"closed","sticky":false,"template":"","format":"standard","meta":{"om_disable_all_campaigns":false,"jnews-multi-image_gallery":[],"jnews_single_post":[],"jnews_primary_category":[],"jnews_social_meta":[],"footnotes":""},"categories":[40],"tags":[1228,124759,1865,2946,790],"class_list":["post-747777","post","type-post","status-publish","format-standard","has-post-thumbnail","hentry","category-industria","tag-destinos","tag-playeros","tag-reservas","tag-semana-santa","tag-viajar"],"_links":{"self":[{"href":"https:\/\/dimensionturistica.com\/es\/wp-json\/wp\/v2\/posts\/747777","targetHints":{"allow":["GET"]}}],"collection":[{"href":"https:\/\/dimensionturistica.com\/es\/wp-json\/wp\/v2\/posts"}],"about":[{"href":"https:\/\/dimensionturistica.com\/es\/wp-json\/wp\/v2\/types\/post"}],"author":[{"embeddable":true,"href":"https:\/\/dimensionturistica.com\/es\/wp-json\/wp\/v2\/users\/4"}],"replies":[{"embeddable":true,"href":"https:\/\/dimensionturistica.com\/es\/wp-json\/wp\/v2\/comments?post=747777"}],"version-history":[{"count":0,"href":"https:\/\/dimensionturistica.com\/es\/wp-json\/wp\/v2\/posts\/747777\/revisions"}],"wp:featuredmedia":[{"embeddable":true,"href":"https:\/\/dimensionturistica.com\/es\/wp-json\/wp\/v2\/media\/747778"}],"wp:attachment":[{"href":"https:\/\/dimensionturistica.com\/es\/wp-json\/wp\/v2\/media?parent=747777"}],"wp:term":[{"taxonomy":"category","embeddable":true,"href":"https:\/\/dimensionturistica.com\/es\/wp-json\/wp\/v2\/categories?post=747777"},{"taxonomy":"post_tag","embeddable":true,"href":"https:\/\/dimensionturistica.com\/es\/wp-json\/wp\/v2\/tags?post=747777"}],"curies":[{"name":"wp","href":"https:\/\/api.w.org\/{rel}","templated":true}]}}