{"id":747138,"date":"2024-03-06T06:38:48","date_gmt":"2024-03-06T06:38:48","guid":{"rendered":"https:\/\/dimensionturistica.com\/es\/?p=747138"},"modified":"2024-03-06T06:38:48","modified_gmt":"2024-03-06T06:38:48","slug":"villanueva-del-rio-segura-acoge-un-encuentro-de-los-mas-coloridos-cultivos-del-pais-en-flores-de-espana","status":"publish","type":"post","link":"https:\/\/dimensionturistica.com\/es\/villanueva-del-rio-segura-acoge-un-encuentro-de-los-mas-coloridos-cultivos-del-pais-en-flores-de-espana\/","title":{"rendered":"Villanueva del r\u00edo Segura acoge un encuentro de los m\u00e1s coloridos cultivos del pa\u00eds en \u2018Flores de Espa\u00f1a\u2019"},"content":{"rendered":"<p>El municipio de Villanueva del R\u00edo Segura, en la regi\u00f3n de Murcia, ha sido escogido como sede para el Foro de las Principales Floraciones de Cultivos en Espa\u00f1a. Este evento \u00fanico re\u00fane a expertos y entusiastas de la naturaleza de todo el pa\u00eds para presenciar y celebrar la belleza de las flores en la agricultura.<\/p>\n<p>Durante el foro, los visitantes tienen la oportunidad de explorar los campos florecientes y descubrir la diversidad de cultivos que se pueden encontrar en esta pintoresca localidad. Desde los campos de almendros en flor hasta los extensos campos de lavanda, cada rinc\u00f3n de Villanueva del R\u00edo Segura es un espect\u00e1culo para los sentidos.<\/p>\n<p>Adem\u00e1s de las visitas guiadas a los campos, los asistentes tambi\u00e9n pueden disfrutar de degustaciones de productos locales, talleres de jardiner\u00eda y conferencias impartidas por expertos en bot\u00e1nica y agricultura. Es una experiencia enriquecedora que permite apreciar la importancia de la naturaleza en nuestra vida diaria y la belleza que nos rodea.<\/p>\n<p>Villanueva del R\u00edo Segura es un destino tur\u00edstico que combina la tradici\u00f3n agr\u00edcola con un entorno natural \u00fanico. Sus calles empedradas, sus casas encaladas y su gente acogedora hacen de este pueblo un lugar ideal para perderse y disfrutar de la tranquilidad del campo.<\/p>\n<p>Si eres amante de la naturaleza y la belleza de las flores, no puedes perderte el Foro de las Principales Floraciones de Cultivos en Espa\u00f1a en Villanueva del R\u00edo Segura. Un evento lleno de color y aroma que te dejar\u00e1 maravillado y con ganas de volver a\u00f1o tras a\u00f1o. \u00a1Ven y descubre la magia de la primavera en un entorno \u00fanico!<\/p>\n<p><em> &#8221; Sources www.agrodiario.com &#8221; <\/em><\/p>\n<p><em> &#8221; Sources www.agrodiario.com &#8221; <\/em><\/p>\n","protected":false},"excerpt":{"rendered":"<p>El municipio de Villanueva del R\u00edo Segura, en la regi\u00f3n de Murcia, ha sido escogido como sede para el Foro de las Principales Floraciones de Cultivos en Espa\u00f1a. Este evento \u00fanico re\u00fane a expertos y entusiastas de la naturaleza de todo el pa\u00eds para presenciar y celebrar la belleza de las flores en la agricultura. [&hellip;]<\/p>\n","protected":false},"author":4,"featured_media":747139,"comment_status":"open","ping_status":"closed","sticky":false,"template":"","format":"standard","meta":{"om_disable_all_campaigns":false,"jnews-multi-image_gallery":[],"jnews_single_post":[],"jnews_primary_category":[],"jnews_social_meta":[],"footnotes":""},"categories":[40],"tags":[98549,770,42713,148812,5961,148811],"class_list":["post-747138","post","type-post","status-publish","format-standard","has-post-thumbnail","hentry","category-industria","tag-cultivos","tag-espana","tag-floracion","tag-floraciones","tag-foro","tag-villanueva-del-rio-segura"],"_links":{"self":[{"href":"https:\/\/dimensionturistica.com\/es\/wp-json\/wp\/v2\/posts\/747138","targetHints":{"allow":["GET"]}}],"collection":[{"href":"https:\/\/dimensionturistica.com\/es\/wp-json\/wp\/v2\/posts"}],"about":[{"href":"https:\/\/dimensionturistica.com\/es\/wp-json\/wp\/v2\/types\/post"}],"author":[{"embeddable":true,"href":"https:\/\/dimensionturistica.com\/es\/wp-json\/wp\/v2\/users\/4"}],"replies":[{"embeddable":true,"href":"https:\/\/dimensionturistica.com\/es\/wp-json\/wp\/v2\/comments?post=747138"}],"version-history":[{"count":0,"href":"https:\/\/dimensionturistica.com\/es\/wp-json\/wp\/v2\/posts\/747138\/revisions"}],"wp:featuredmedia":[{"embeddable":true,"href":"https:\/\/dimensionturistica.com\/es\/wp-json\/wp\/v2\/media\/747139"}],"wp:attachment":[{"href":"https:\/\/dimensionturistica.com\/es\/wp-json\/wp\/v2\/media?parent=747138"}],"wp:term":[{"taxonomy":"category","embeddable":true,"href":"https:\/\/dimensionturistica.com\/es\/wp-json\/wp\/v2\/categories?post=747138"},{"taxonomy":"post_tag","embeddable":true,"href":"https:\/\/dimensionturistica.com\/es\/wp-json\/wp\/v2\/tags?post=747138"}],"curies":[{"name":"wp","href":"https:\/\/api.w.org\/{rel}","templated":true}]}}